{"id":47,"date":"2013-05-27T12:39:32","date_gmt":"2013-05-27T12:39:32","guid":{"rendered":"http:\/\/blog.espol.edu.ec\/aarenas\/?p=47"},"modified":"2013-05-27T12:40:01","modified_gmt":"2013-05-27T12:40:01","slug":"fotografia-de-un-cactus","status":"publish","type":"post","link":"https:\/\/blog.espol.edu.ec\/aarenas\/2013\/05\/27\/fotografia-de-un-cactus\/","title":{"rendered":"Fotograf\u00eda de un Cactus"},"content":{"rendered":"<p><a href=\"http:\/\/blog.espol.edu.ec\/aarenas\/files\/2013\/05\/IMG_2749.jpg\"><img loading=\"lazy\" decoding=\"async\" class=\"aligncenter size-large wp-image-48\" src=\"http:\/\/blog.espol.edu.ec\/aarenas\/files\/2013\/05\/IMG_2749-1024x682.jpg\" alt=\"\" width=\"640\" height=\"426\" srcset=\"https:\/\/blog.espol.edu.ec\/aarenas\/files\/2013\/05\/IMG_2749-1024x682.jpg 1024w, https:\/\/blog.espol.edu.ec\/aarenas\/files\/2013\/05\/IMG_2749-300x200.jpg 300w\" sizes=\"auto, (max-width: 640px) 100vw, 640px\" \/><\/a>Esta foto la tome en gal\u00e1pagos despu\u00e9s de un d\u00eda muy lluvioso. Son impresionantes los detalles que podemos ver cuando tomamos una foto macro.<\/p>\n","protected":false},"excerpt":{"rendered":"<p>Esta foto la tome en gal\u00e1pagos despu\u00e9s de un d\u00eda muy lluvioso. Son impresionantes los detalles que podemos ver cuando tomamos una foto macro.<\/p>\n","protected":false},"author":8479,"featured_media":0,"comment_status":"open","ping_status":"open","sticky":false,"template":"","format":"standard","meta":{"footnotes":""},"categories":[818],"tags":[],"class_list":["post-47","post","type-post","status-publish","format-standard","hentry","category-sin-categoria"],"_links":{"self":[{"href":"https:\/\/blog.espol.edu.ec\/aarenas\/wp-json\/wp\/v2\/posts\/47","targetHints":{"allow":["GET"]}}],"collection":[{"href":"https:\/\/blog.espol.edu.ec\/aarenas\/wp-json\/wp\/v2\/posts"}],"about":[{"href":"https:\/\/blog.espol.edu.ec\/aarenas\/wp-json\/wp\/v2\/types\/post"}],"author":[{"embeddable":true,"href":"https:\/\/blog.espol.edu.ec\/aarenas\/wp-json\/wp\/v2\/users\/8479"}],"replies":[{"embeddable":true,"href":"https:\/\/blog.espol.edu.ec\/aarenas\/wp-json\/wp\/v2\/comments?post=47"}],"version-history":[{"count":2,"href":"https:\/\/blog.espol.edu.ec\/aarenas\/wp-json\/wp\/v2\/posts\/47\/revisions"}],"predecessor-version":[{"id":50,"href":"https:\/\/blog.espol.edu.ec\/aarenas\/wp-json\/wp\/v2\/posts\/47\/revisions\/50"}],"wp:attachment":[{"href":"https:\/\/blog.espol.edu.ec\/aarenas\/wp-json\/wp\/v2\/media?parent=47"}],"wp:term":[{"taxonomy":"category","embeddable":true,"href":"https:\/\/blog.espol.edu.ec\/aarenas\/wp-json\/wp\/v2\/categories?post=47"},{"taxonomy":"post_tag","embeddable":true,"href":"https:\/\/blog.espol.edu.ec\/aarenas\/wp-json\/wp\/v2\/tags?post=47"}],"curies":[{"name":"wp","href":"https:\/\/api.w.org\/{rel}","templated":true}]}}