{"id":179,"date":"2010-09-08T19:00:04","date_gmt":"2010-09-08T19:00:04","guid":{"rendered":"http:\/\/blog.espol.edu.ec\/abarragan\/?p=179"},"modified":"2010-09-08T19:01:39","modified_gmt":"2010-09-08T19:01:39","slug":"ibra-milan-es-mas-grande","status":"publish","type":"post","link":"https:\/\/blog.espol.edu.ec\/abarragan\/2010\/09\/08\/ibra-milan-es-mas-grande\/","title":{"rendered":"Ibra: \"Mil\u00e1n es m\u00e1s grande\""},"content":{"rendered":"<p><a href=\"http:\/\/blog.espol.edu.ec\/abarragan\/files\/2010\/09\/zlatan_20100902101511_0_0.jpg\"><img loading=\"lazy\" decoding=\"async\" class=\"aligncenter size-full wp-image-180\" title=\"zlatan_20100902101511_0_0\" src=\"http:\/\/blog.espol.edu.ec\/abarragan\/files\/2010\/09\/zlatan_20100902101511_0_0.jpg\" alt=\"\" width=\"620\" height=\"300\" srcset=\"https:\/\/blog.espol.edu.ec\/abarragan\/files\/2010\/09\/zlatan_20100902101511_0_0.jpg 620w, https:\/\/blog.espol.edu.ec\/abarragan\/files\/2010\/09\/zlatan_20100902101511_0_0-300x145.jpg 300w\" sizes=\"auto, (max-width: 620px) 100vw, 620px\" \/><\/a><\/p>\n<p>El delantero sueco Zlatan Ibrahimovic volvi\u00f3 a acordarse de su anterior equipo, el Barcelona, y dijo que por \"tradici\u00f3n y por historia\" el AC Milan \"es m\u00e1s grande\" que la escuadra espa\u00f1ola.<\/p>\n<p>Tras comparar a los dos equipos, asegur\u00f3 que llega al equipo italiano con la intenci\u00f3n de \"ganarlo todo\" y record\u00f3 su car\u00e1cter ambicioso.<\/p>\n<p>\"El Milan es m\u00e1s grande que el Barcelona si tenemos en cuenta la historia y la tradici\u00f3n\", dijo el delantero en declaraciones que reproduce el diario Marca.<\/p>\n<p>\"Soy un ganador en todo lo que hago. He ganado todo (excepto la Liga de Campeones) con el Inter y voy a ganar todo con el Milan. Todos aquellos que se encuentren en mi camino perder\u00e1n\", agreg\u00f3.<\/p>\n<p>Finalmente, Ibrahimovic ironiz\u00f3 sobre el negocio que el Barcelona logr\u00f3 con su partida. \"El Milan me compr\u00f3 por 20 millones y el Barcelona lo hab\u00eda hecho por 80. No creo que ahora tengan una buena salud a nivel econ\u00f3mico\".<\/p>\n<p style=\"text-align: center\"><object classid=\"clsid:d27cdb6e-ae6d-11cf-96b8-444553540000\" width=\"480\" height=\"385\"><param name=\"allowFullScreen\" value=\"true\" \/><param name=\"allowscriptaccess\" value=\"always\" \/><param name=\"src\" value=\"http:\/\/www.youtube.com\/v\/AjaUPfzAA9g?fs=1&amp;hl=es_ES\" \/><param name=\"allowfullscreen\" value=\"true\" \/><embed type=\"application\/x-shockwave-flash\" width=\"480\" height=\"385\" src=\"http:\/\/www.youtube.com\/v\/AjaUPfzAA9g?fs=1&amp;hl=es_ES\" allowscriptaccess=\"always\" allowfullscreen=\"true\"><\/embed><\/object><\/p>\n<p style=\"text-align: center\">\n<p style=\"text-align: left\"><a href=\"http:\/\/msn.foxsports.com\/fslasc\/seriea\/story\/Ibra-_Milan_mas_grande_que_Barcelona\">http:\/\/msn.foxsports.com\/fslasc\/seriea\/story\/Ibra-_Milan_mas_grande_que_Barcelona<\/a><\/p>\n","protected":false},"excerpt":{"rendered":"<p>El delantero sueco Zlatan Ibrahimovic volvi\u00f3 a acordarse de su anterior equipo, el Barcelona, y dijo que por \"tradici\u00f3n y por historia\" el AC Milan \"es m\u00e1s grande\" que la escuadra espa\u00f1ola. Tras comparar a los dos equipos, asegur\u00f3 que llega al equipo italiano con la intenci\u00f3n de \"ganarlo todo\" y record\u00f3 su car\u00e1cter ambicioso. [&hellip;]<\/p>\n","protected":false},"author":4796,"featured_media":0,"comment_status":"open","ping_status":"open","sticky":false,"template":"","format":"standard","meta":{"footnotes":""},"categories":[24112],"tags":[24115,24113,9857,10122,24114,24111],"class_list":["post-179","post","type-post","status-publish","format-standard","hentry","category-ibra-milan-es-mas-grande","tag-el-milan-me-compro-por-20-millones","tag-ibra","tag-inter","tag-milan","tag-soy-un-ganador-en-todo-lo-que-hago","tag-zlatan-ibrahimovic"],"_links":{"self":[{"href":"https:\/\/blog.espol.edu.ec\/abarragan\/wp-json\/wp\/v2\/posts\/179","targetHints":{"allow":["GET"]}}],"collection":[{"href":"https:\/\/blog.espol.edu.ec\/abarragan\/wp-json\/wp\/v2\/posts"}],"about":[{"href":"https:\/\/blog.espol.edu.ec\/abarragan\/wp-json\/wp\/v2\/types\/post"}],"author":[{"embeddable":true,"href":"https:\/\/blog.espol.edu.ec\/abarragan\/wp-json\/wp\/v2\/users\/4796"}],"replies":[{"embeddable":true,"href":"https:\/\/blog.espol.edu.ec\/abarragan\/wp-json\/wp\/v2\/comments?post=179"}],"version-history":[{"count":6,"href":"https:\/\/blog.espol.edu.ec\/abarragan\/wp-json\/wp\/v2\/posts\/179\/revisions"}],"predecessor-version":[{"id":186,"href":"https:\/\/blog.espol.edu.ec\/abarragan\/wp-json\/wp\/v2\/posts\/179\/revisions\/186"}],"wp:attachment":[{"href":"https:\/\/blog.espol.edu.ec\/abarragan\/wp-json\/wp\/v2\/media?parent=179"}],"wp:term":[{"taxonomy":"category","embeddable":true,"href":"https:\/\/blog.espol.edu.ec\/abarragan\/wp-json\/wp\/v2\/categories?post=179"},{"taxonomy":"post_tag","embeddable":true,"href":"https:\/\/blog.espol.edu.ec\/abarragan\/wp-json\/wp\/v2\/tags?post=179"}],"curies":[{"name":"wp","href":"https:\/\/api.w.org\/{rel}","templated":true}]}}