{"id":228,"date":"2010-09-13T20:40:02","date_gmt":"2010-09-13T20:40:02","guid":{"rendered":"http:\/\/blog.espol.edu.ec\/abarragan\/?p=228"},"modified":"2010-09-13T20:40:02","modified_gmt":"2010-09-13T20:40:02","slug":"ni-messi-ni-cr9-cayo-el-kun","status":"publish","type":"post","link":"https:\/\/blog.espol.edu.ec\/abarragan\/2010\/09\/13\/ni-messi-ni-cr9-cayo-el-kun\/","title":{"rendered":"Ni Messi ni CR9: cay\u00f3 el Kun"},"content":{"rendered":"<h3><span style=\"color: #000000\">Unos piden protecci\u00f3n para Messi; otros para Cristiano Ronaldo. Y el primero que ha ca\u00eddo esta temporada es el Kun Ag\u00fcero. Una dura entrada de Gurpegui a los pocos minutos de la segunda mitad dio con los huesos del argentino en la camilla. Forl\u00e1n meti\u00f3 un pase interior, el Kun se qued\u00f3 solo delante de Iraizoz y el centrocampista vasco lleg\u00f3 desde atr\u00e1s llev\u00e1ndose al delantero colchonero por delante. Ag\u00fcero estaba en la l\u00ednea del \u00e1rea, por lo que deber\u00eda haber sido penalti y expulsi\u00f3n, pero Undiano Mallenco lo dej\u00f3 en falta y amarilla.<\/span><\/h3>\n<h3><span style=\"color: #000000\">El caso es que el Kun necesit\u00f3 la atenci\u00f3n de los m\u00e9dicos rojiblancos y tras una breve intervenci\u00f3n, regres\u00f3 al terreno de juego, pero al tratar de controlar un bal\u00f3n, se resinti\u00f3, y qued\u00f3 tendido en el terreno de juego esperando que la camilla le llevase a los vestuarios, donde fue examinado con mayor detalle.<\/span><\/h3>\n<h3><span style=\"color: #000000\">El Kun sufre un esguince en el ligamento lateral de la rodilla izquierda y hoy se someter\u00e1 a pruebas que determinar\u00e1n el grado y el tiempo de baja, aunque esta lesi\u00f3n suele acarrear dos o tres semanas fuera de los campos<\/span><\/h3>\n<p style=\"text-align: center\"><object classid=\"clsid:d27cdb6e-ae6d-11cf-96b8-444553540000\" width=\"640\" height=\"385\"><param name=\"allowFullScreen\" value=\"true\" \/><param name=\"allowscriptaccess\" value=\"always\" \/><param name=\"src\" value=\"http:\/\/www.youtube.com\/v\/sPQzXorU0O4?fs=1&amp;hl=es_ES&amp;color1=0x006699&amp;color2=0x54abd6\" \/><param name=\"allowfullscreen\" value=\"true\" \/><embed type=\"application\/x-shockwave-flash\" width=\"640\" height=\"385\" src=\"http:\/\/www.youtube.com\/v\/sPQzXorU0O4?fs=1&amp;hl=es_ES&amp;color1=0x006699&amp;color2=0x54abd6\" allowscriptaccess=\"always\" allowfullscreen=\"true\"><\/embed><\/object><\/p>\n<p><a href=\"http:\/\/www.elmundodeportivo.es\/gen\/20100912\/54002326696\/noticia\/ni-messi-ni-cr9-cayo-el-kun.html\">http:\/\/www.elmundodeportivo.es\/gen\/20100912\/54002326696\/noticia\/ni-messi-ni-cr9-cayo-el-kun.html<\/a><\/p>\n","protected":false},"excerpt":{"rendered":"<p>Unos piden protecci\u00f3n para Messi; otros para Cristiano Ronaldo. Y el primero que ha ca\u00eddo esta temporada es el Kun Ag\u00fcero. Una dura entrada de Gurpegui a los pocos minutos de la segunda mitad dio con los huesos del argentino en la camilla. Forl\u00e1n meti\u00f3 un pase interior, el Kun se qued\u00f3 solo delante de [&hellip;]<\/p>\n","protected":false},"author":4796,"featured_media":0,"comment_status":"open","ping_status":"open","sticky":false,"template":"","format":"standard","meta":{"footnotes":""},"categories":[24239],"tags":[24244,24232,6721,24241,21257,24242,24243,24245,24240,7423],"class_list":["post-228","post","type-post","status-publish","format-standard","hentry","category-cayo-el-kun","tag-aguero","tag-cr9","tag-cristiano-ronaldo","tag-esguince-en-el-ligamento","tag-forlan","tag-gurpegui","tag-iraizoz","tag-kun","tag-kun-aguero","tag-messi"],"_links":{"self":[{"href":"https:\/\/blog.espol.edu.ec\/abarragan\/wp-json\/wp\/v2\/posts\/228","targetHints":{"allow":["GET"]}}],"collection":[{"href":"https:\/\/blog.espol.edu.ec\/abarragan\/wp-json\/wp\/v2\/posts"}],"about":[{"href":"https:\/\/blog.espol.edu.ec\/abarragan\/wp-json\/wp\/v2\/types\/post"}],"author":[{"embeddable":true,"href":"https:\/\/blog.espol.edu.ec\/abarragan\/wp-json\/wp\/v2\/users\/4796"}],"replies":[{"embeddable":true,"href":"https:\/\/blog.espol.edu.ec\/abarragan\/wp-json\/wp\/v2\/comments?post=228"}],"version-history":[{"count":6,"href":"https:\/\/blog.espol.edu.ec\/abarragan\/wp-json\/wp\/v2\/posts\/228\/revisions"}],"predecessor-version":[{"id":234,"href":"https:\/\/blog.espol.edu.ec\/abarragan\/wp-json\/wp\/v2\/posts\/228\/revisions\/234"}],"wp:attachment":[{"href":"https:\/\/blog.espol.edu.ec\/abarragan\/wp-json\/wp\/v2\/media?parent=228"}],"wp:term":[{"taxonomy":"category","embeddable":true,"href":"https:\/\/blog.espol.edu.ec\/abarragan\/wp-json\/wp\/v2\/categories?post=228"},{"taxonomy":"post_tag","embeddable":true,"href":"https:\/\/blog.espol.edu.ec\/abarragan\/wp-json\/wp\/v2\/tags?post=228"}],"curies":[{"name":"wp","href":"https:\/\/api.w.org\/{rel}","templated":true}]}}