{"id":85,"date":"2010-07-13T13:50:07","date_gmt":"2010-07-13T13:50:07","guid":{"rendered":"http:\/\/blog.espol.edu.ec\/abarragan\/?p=85"},"modified":"2010-07-13T13:50:07","modified_gmt":"2010-07-13T13:50:07","slug":"el-uruguayo-diego-forlan-balon-de-oro-del-mundial-2010","status":"publish","type":"post","link":"https:\/\/blog.espol.edu.ec\/abarragan\/2010\/07\/13\/el-uruguayo-diego-forlan-balon-de-oro-del-mundial-2010\/","title":{"rendered":"El uruguayo Diego Forl\u00e1n, Bal\u00f3n de Oro del Mundial-2010"},"content":{"rendered":"<p>JOHANNESBURGO \u2014 El delantero uruguayo Diego Forl\u00e1n ha sido designado mejor jugador del Mundial sudafricano por lo que recibi\u00f3 el Bal\u00f3n de Oro, anunci\u00f3 el domingo la FIFA tras la final de la Copa del Mundo ganada 1-0 por Espa\u00f1a ante Holanda en la pr\u00f3rroga.<\/p>\n<p>El delantero, que marc\u00f3 cinco goles en el Mundial sudafricano, recibi\u00f3 23,4% de los votos de las personas acreditadas para el Mundial-2010, mientras el centrocampista holand\u00e9s Wesley Sneijder obtuvo 21,8% y el espa\u00f1ol David Villa 16,9%.<\/p>\n<p><a href=\"http:\/\/blog.espol.edu.ec\/abarragan\/files\/2010\/07\/forlan2.jpg\"><img loading=\"lazy\" decoding=\"async\" class=\"aligncenter size-full wp-image-91\" title=\"forlan\" src=\"http:\/\/blog.espol.edu.ec\/abarragan\/files\/2010\/07\/forlan2.jpg\" alt=\"\" width=\"512\" height=\"499\" srcset=\"https:\/\/blog.espol.edu.ec\/abarragan\/files\/2010\/07\/forlan2.jpg 512w, https:\/\/blog.espol.edu.ec\/abarragan\/files\/2010\/07\/forlan2-300x292.jpg 300w\" sizes=\"auto, (max-width: 512px) 100vw, 512px\" \/><\/a><\/p>\n<p style=\"text-align: center\">\n<p>Forl\u00e1n, de 31 a\u00f1os, era el \u00fanico de los tres jugadores que no jug\u00f3 la final, aunque llev\u00f3 a la 'Celeste' hasta la cuarta posici\u00f3n en la Copa del Mundo, su mejor resultado desde M\u00e9xico-1970.<\/p>\n<p>\"Es una recompensa conseguida gracias a mis compa\u00f1eros\", declar\u00f3 el jugador tras conocer la noticia, en un mensaje en su cuenta de la red social de internet Twitter.<\/p>\n<p>El delantero uruguayo gan\u00f3 esta temporada la Europa League con su equipo del Atl\u00e9tico de Madrid.<\/p>\n<p>En el Mundial, marc\u00f3 un golazo en la final de consolaci\u00f3n, en la que los 'charr\u00faas' perdieron 3-2 contra Alemania.<\/p>\n<p>Con sus cinco goles, termin\u00f3 junto a otros tres jugadores al frente de la tabla de goleadores: Villa, Sneijder y el alem\u00e1n Thomas M\u00fcller, que se hizo con el 'Pichichi' del campeonato por haber dado m\u00e1s asistencias que los dem\u00e1s.<\/p>\n<p>Forl\u00e1n pudo lograr un gol m\u00e1s si embocaba un tiro que peg\u00f3 en el travesa\u00f1o sobre la hora contra Alemania en el estadio Nelson Mandela Bay.<\/p>\n<p>\"Con los goles que he hecho, s\u00e9 que han servido y eso me deja conforme, porque ayud\u00f3 a que lleg\u00e1ramos adonde hemos llegado\", declar\u00f3 el atacante, cuyas conquistas llegaron cuando m\u00e1s se las necesitaba.<\/p>\n<p>Le hizo dos goles a Sud\u00e1frica la noche del 'Pretoriazo' en la capital administrativa del pa\u00eds, para silenciar las vuvuzelas y abrir el camino de una goleada de 3-0 que hizo vislumbrar la potencialidad del equipo.<\/p>\n<p>Marc\u00f3 Forl\u00e1n un gol de pel\u00edcula la noche contra Ghana en los cuartos de final, con un tiro libre que hizo temblar al Jabulani y meterse detr\u00e1s de las manos del arquero, preludio de un encuentro no apto para card\u00edacos.<\/p>\n<p>Despu\u00e9s de las emociones por el manotazo de Luis Su\u00e1rez que impidi\u00f3 el gol del triunfo ghan\u00e9s sobre la hora, y del penal errado por Asamoah Gyan, y el suplementario finalizado 1-1, fue el 'Rubio Jefe' hacia el punto de los doce pasos para poner el primero del desempate adentro, uno de esos que vale doble.<\/p>\n<p>\"La gente en Uruguay est\u00e1 feliz porque el equipo est\u00e1 muy bien. Sabemos que la gente quiere vernos as\u00ed, como hemos jugado, porque valoran el f\u00fatbol\", reflexion\u00f3 el artillero que atraviesa por un buen momento tambi\u00e9n en su club, el Atl\u00e9tico de Madrid.<\/p>\n<p>Y nadie mejor que el entrenador de Uruguay, \u00d3scar Tab\u00e1rez, para reconocer que \"su actuaci\u00f3n ha estado acorde con lo que es como referente de la selecci\u00f3n\".<\/p>\n<p>\"Hay muchos j\u00f3venes que dicen que es el mejor jugador uruguayo que han visto (...) Eso habla muy bien de Diego. Y eso que no pudo jugar en su plenitud contra Holanda\", dijo 'El Maestro'.<\/p>\n<p>Forlan entr\u00f3 a la cancha con una dolencia en aquel partido perdido ajustadamente contra Holanda 3-2 en semifinales y los 'jefes' no pueden darse el lujo de quedarse afuera a la hora de la verdad.<\/p>\n<p><a href=\"http:\/\/www.google.com\/hostednews\/afp\/article\/ALeqM5h0CG9DL9f46IOm5xtYa3mxb-i7Cg\">http:\/\/www.google.com\/hostednews\/afp\/article\/ALeqM5h0CG9DL9f46IOm5xtYa3mxb-i7Cg<\/a><\/p>\n","protected":false},"excerpt":{"rendered":"<p>JOHANNESBURGO \u2014 El delantero uruguayo Diego Forl\u00e1n ha sido designado mejor jugador del Mundial sudafricano por lo que recibi\u00f3 el Bal\u00f3n de Oro, anunci\u00f3 el domingo la FIFA tras la final de la Copa del Mundo ganada 1-0 por Espa\u00f1a ante Holanda en la pr\u00f3rroga. El delantero, que marc\u00f3 cinco goles en el Mundial sudafricano, [&hellip;]<\/p>\n","protected":false},"author":4796,"featured_media":0,"comment_status":"open","ping_status":"open","sticky":false,"template":"","format":"standard","meta":{"footnotes":""},"categories":[21647,21646],"tags":[19994,28296,21651,21650],"class_list":["post-85","post","type-post","status-publish","format-standard","hentry","category-balon-de-oro-2010","category-diego-forlan","tag-balon-de-oro","tag-diego-forlan","tag-marco-cinco-goles-en-el-mundial-sadafricano","tag-uruguay-cuarto-en-la-copa-del-mundo"],"_links":{"self":[{"href":"https:\/\/blog.espol.edu.ec\/abarragan\/wp-json\/wp\/v2\/posts\/85","targetHints":{"allow":["GET"]}}],"collection":[{"href":"https:\/\/blog.espol.edu.ec\/abarragan\/wp-json\/wp\/v2\/posts"}],"about":[{"href":"https:\/\/blog.espol.edu.ec\/abarragan\/wp-json\/wp\/v2\/types\/post"}],"author":[{"embeddable":true,"href":"https:\/\/blog.espol.edu.ec\/abarragan\/wp-json\/wp\/v2\/users\/4796"}],"replies":[{"embeddable":true,"href":"https:\/\/blog.espol.edu.ec\/abarragan\/wp-json\/wp\/v2\/comments?post=85"}],"version-history":[{"count":10,"href":"https:\/\/blog.espol.edu.ec\/abarragan\/wp-json\/wp\/v2\/posts\/85\/revisions"}],"predecessor-version":[{"id":98,"href":"https:\/\/blog.espol.edu.ec\/abarragan\/wp-json\/wp\/v2\/posts\/85\/revisions\/98"}],"wp:attachment":[{"href":"https:\/\/blog.espol.edu.ec\/abarragan\/wp-json\/wp\/v2\/media?parent=85"}],"wp:term":[{"taxonomy":"category","embeddable":true,"href":"https:\/\/blog.espol.edu.ec\/abarragan\/wp-json\/wp\/v2\/categories?post=85"},{"taxonomy":"post_tag","embeddable":true,"href":"https:\/\/blog.espol.edu.ec\/abarragan\/wp-json\/wp\/v2\/tags?post=85"}],"curies":[{"name":"wp","href":"https:\/\/api.w.org\/{rel}","templated":true}]}}