{"id":34,"date":"2010-10-19T14:42:08","date_gmt":"2010-10-19T19:42:08","guid":{"rendered":"http:\/\/blog.espol.edu.ec\/accionuniversitaria\/?p=34"},"modified":"2012-05-22T01:47:40","modified_gmt":"2012-05-22T06:47:40","slug":"xi-congreso-de-universitarios-catolicos","status":"publish","type":"post","link":"https:\/\/blog.espol.edu.ec\/accionuniversitaria\/2010\/10\/19\/xi-congreso-de-universitarios-catolicos\/","title":{"rendered":"\u00bfPorqu\u00e9 no cambiar \u00e9ste mundo? L\u00edder o espectador"},"content":{"rendered":"<p>Transformar la realidad no es solo rezar, tampoco es solo fomentar una ideolog\u00eda orientada al humanismo ya que al no estar sus bases cimentadas en el amor terminar\u00e1 por contaminarse con el ego\u00edsmo de creer que \u201csi yo estoy bien, todo anda bien\u201d...<\/p>\n<div><object classid=\"d27cdb6e-ae6d-11cf-96b8-444553540000\" width=\"480\" height=\"385\"><param name=\"allowFullScreen\" value=\"true\" \/><param name=\"allowscriptaccess\" value=\"always\" \/><param name=\"src\" value=\"http:\/\/www.youtube.com\/v\/MMTc995QodI?fs=1&amp;hl=es_ES\" \/><param name=\"allowfullscreen\" value=\"true\" \/><embed type=\"application\/x-shockwave-flash\" width=\"480\" height=\"385\" src=\"http:\/\/www.youtube.com\/v\/MMTc995QodI?fs=1&amp;hl=es_ES\" allowscriptaccess=\"always\" allowfullscreen=\"true\"><\/embed><\/object><\/div>\n<p>Pues para generar un cambio real, que se mantenga a trav\u00e9s del tiempo en el que la cultura se oriente al bien com\u00fan, es cuesti\u00f3n de planificar, encomendarse y ejecutar poni\u00e9ndonos juntos manos a la obra, si \u00e9ste es tu ideal, recuerda s\u00e1bado 6 y domingo 7 de Noviembre, 09:00 horas, aula Magna de la Universidad Cat\u00f3lica Santiago de Guayaquil, XI Congreso de Universitarios Cat\u00f3licos.<\/p>\n<p><!--more--><\/p>\n<div id=\"attachment_33\" style=\"width: 490px\" class=\"wp-caption aligncenter\"><a href=\"http:\/\/blog.espol.edu.ec\/accionuniversitaria\/files\/2010\/10\/congreso-de-universitarios-2010.jpg\"><img loading=\"lazy\" decoding=\"async\" aria-describedby=\"caption-attachment-33\" class=\"size-full wp-image-33   \" src=\"http:\/\/blog.espol.edu.ec\/accionuniversitaria\/files\/2010\/10\/congreso-de-universitarios-2010.jpg\" alt=\"\" width=\"490\" height=\"668\" srcset=\"https:\/\/blog.espol.edu.ec\/accionuniversitaria\/files\/2010\/10\/congreso-de-universitarios-2010.jpg 1700w, https:\/\/blog.espol.edu.ec\/accionuniversitaria\/files\/2010\/10\/congreso-de-universitarios-2010-219x300.jpg 219w, https:\/\/blog.espol.edu.ec\/accionuniversitaria\/files\/2010\/10\/congreso-de-universitarios-2010-750x1024.jpg 750w\" sizes=\"auto, (max-width: 490px) 100vw, 490px\" \/><\/a><p id=\"caption-attachment-33\" class=\"wp-caption-text\">&quot;La inteligencia sabe ejecutar la verdadera libertad&quot;, entonces \u00bfPorqu\u00e9 no cambiar \u00e9ste mundo?, eres l\u00edder o espectador... <\/p><\/div>\n<p><strong>Espectactivas del congreso<\/strong><\/p>\n<ul>\n<li>El objetivo es plantear un profundo cuestionamiento sobre la necesidad de ser respuesta a los desaf\u00edos de constante cambio en los que vivimos mediante pl\u00e1ticas dadas por conferencistas internacionales, plenarios, subplenarios y grupos de di\u00e1logo sobre problem\u00e1ticas actuales.<\/li>\n<li>El Congreso NO ES UN RETIRO o algo por el estilo, tampoco pasar\u00e1s sentado escuchando pues ser\u00e1 muy din\u00e1mico e interactivo.<\/li>\n<li>Es un espacio de reflexi\u00f3n y b\u00fasqueda de soluciones a los desaf\u00edos del mundo actual de modo que el estudiante aporte a las soluciones desde sus conocimientos (los adquiridos en tu carrera).<\/li>\n<\/ul>\n<p><strong>\u00bfPorqu\u00e9 me interesar\u00eda asistir al congreso?<\/strong><\/p>\n<ul>\n<li>Porque es la oportunidad de conocer a otros universitarios con ideales de grandeza y nobleza con los cuales podr\u00eda empezar a ejecutar o desarrollar alguna idea que genere cambio.<\/li>\n<li>Porque los asistentes recibir\u00e1n un certificado avalado por el DIP (Instituto de Desarrollo Integral de la Persona) que otorga peso de formaci\u00f3n humana en nuestro curriculum vitae.<\/li>\n<\/ul>\n<p><strong>\u00bfC\u00f3mo adquiero mi entrada?<\/strong><\/p>\n<p>Hay un stand en la plazoleta de los institutos (B\u00e1sica) en el que habr\u00e1 informaci\u00f3n del evento adem\u00e1s de la venta de las entradas.<\/p>\n<p>M\u00e1s informaci\u00f3n, escribir a cmontoya@fiec.espol.edu.ec<\/p>\n","protected":false},"excerpt":{"rendered":"<p>Transformar la realidad no es solo rezar, tampoco es solo fomentar una ideolog\u00eda orientada al humanismo ya que al no estar sus bases cimentadas en el amor terminar\u00e1 por contaminarse con el ego\u00edsmo de creer que \"si yo estoy bien, todo anda bien\"... Pues para generar un cambio real, que se mantenga a trav\u00e9s del tiempo en el que la cultura se oriente al bien com\u00fan, es cuesti\u00f3n de planificar, encomendarse y ejecutar poni\u00e9ndonos manos a la obra, si \u00e9ste es tu ideal, recuerda s\u00e1bado 6 y domingo 7 de Noviembre, 09:00 horas, aula Magna de la Universidad Cat\u00f3lica Santiago de Guayaquil, XI Congreso de Universitarios Cat\u00f3licos<\/p>\n","protected":false},"author":257,"featured_media":0,"comment_status":"open","ping_status":"open","sticky":false,"template":"","format":"standard","meta":{"footnotes":""},"categories":[36857],"tags":[157352],"class_list":["post-34","post","type-post","status-publish","format-standard","hentry","category-proyeccion-cultural","tag-congreso-de-universitarios-catolicos","item-wrap"],"_links":{"self":[{"href":"https:\/\/blog.espol.edu.ec\/accionuniversitaria\/wp-json\/wp\/v2\/posts\/34","targetHints":{"allow":["GET"]}}],"collection":[{"href":"https:\/\/blog.espol.edu.ec\/accionuniversitaria\/wp-json\/wp\/v2\/posts"}],"about":[{"href":"https:\/\/blog.espol.edu.ec\/accionuniversitaria\/wp-json\/wp\/v2\/types\/post"}],"author":[{"embeddable":true,"href":"https:\/\/blog.espol.edu.ec\/accionuniversitaria\/wp-json\/wp\/v2\/users\/257"}],"replies":[{"embeddable":true,"href":"https:\/\/blog.espol.edu.ec\/accionuniversitaria\/wp-json\/wp\/v2\/comments?post=34"}],"version-history":[{"count":23,"href":"https:\/\/blog.espol.edu.ec\/accionuniversitaria\/wp-json\/wp\/v2\/posts\/34\/revisions"}],"predecessor-version":[{"id":102,"href":"https:\/\/blog.espol.edu.ec\/accionuniversitaria\/wp-json\/wp\/v2\/posts\/34\/revisions\/102"}],"wp:attachment":[{"href":"https:\/\/blog.espol.edu.ec\/accionuniversitaria\/wp-json\/wp\/v2\/media?parent=34"}],"wp:term":[{"taxonomy":"category","embeddable":true,"href":"https:\/\/blog.espol.edu.ec\/accionuniversitaria\/wp-json\/wp\/v2\/categories?post=34"},{"taxonomy":"post_tag","embeddable":true,"href":"https:\/\/blog.espol.edu.ec\/accionuniversitaria\/wp-json\/wp\/v2\/tags?post=34"}],"curies":[{"name":"wp","href":"https:\/\/api.w.org\/{rel}","templated":true}]}}