{"id":208,"date":"2009-11-09T10:55:12","date_gmt":"2009-11-09T14:55:12","guid":{"rendered":"http:\/\/blog.espol.edu.ec\/adamian\/?p=208"},"modified":"2009-11-09T10:55:12","modified_gmt":"2009-11-09T14:55:12","slug":"un-padre-nuestro-latinoamericano","status":"publish","type":"post","link":"https:\/\/blog.espol.edu.ec\/adamian\/2009\/11\/09\/un-padre-nuestro-latinoamericano\/","title":{"rendered":"Un Padre Nuestro Latinoamericano"},"content":{"rendered":"<p style=\"text-align: center\"><strong><em>Padre nuestro que est\u00e1s en los cielos<br \/>\ncon las golondrinas y los misiles<br \/>\nquiero que vuelvas antes de que olvides<br \/>\nc\u00f3mo se llega al sur de R\u00edo Grande<br \/>\nPdre nuestro que est\u00e1s en el exilio<br \/>\ncasi nunca te acuerdas de los m\u00edos<br \/>\nde todos modos dondequiera que est\u00e9s<br \/>\nsantificado sea tu nombre<br \/>\nno quienes santifican en tu nombre<br \/>\ncerrando un ojo para no ver las u\u00f1as<br \/>\nsucias de la miseria<br \/>\nen agosto de mil novecientos sesenta<br \/>\nya no sirve pedirte<br \/>\nvenga a nos el tu reino<br \/>\nporque tu reino tambi\u00e9n est\u00e1 aqu\u00ed abajo<br \/>\nmetido en los rencores y en el miedo<br \/>\nen las vacilaciones y en la mugre<br \/>\nen la desilusi\u00f3n y en la modorra<br \/>\nen esta ansia de verte pese a todo<br \/>\ncuando hablaste del rico<br \/>\nla aguja y el camello<br \/>\ny te votamos todos<br \/>\npor unanimidad para la Gloria<br \/>\ntambi\u00e9n alz\u00f3 su mano el indio silencioso<br \/>\nque te respetaba pero se resist\u00eda<br \/>\na pensar h\u00e1gase tu voluntad<br \/>\nsin embargo una vez cada tanto<br \/>\ntu voluntad se mezcla con la m\u00eda<br \/>\nla domina<br \/>\nla enciende<br \/>\nla duplica<br \/>\nm\u00e1s arduo es conocer cu\u00e1l es mi voluntad<br \/>\ncu\u00e1ndo creo de veras lo que digo creer<br \/>\nas\u00ed en tu omniprescencia como en mi soledad<br \/>\nas\u00ed en la tierra como en el cielo<br \/>\nsiempre<br \/>\nestar\u00e9 m\u00e1s seguro de la tierra que piso<br \/>\nque del cielo intratable que me ignora<br \/>\npero qui\u00e9n sabe<br \/>\nno voy a decidir<br \/>\nque tu poder se haga o se deshaga<br \/>\ntu voluntad igual se est\u00e1 haciendo en el viento<br \/>\nen el Ande de nieve<br \/>\nen el p\u00e1jaro que fecunda a la p\u00e1jara<br \/>\nen los cancilleres que murmullan yes sir<br \/>\nen cada mano que se convierte en pu\u00f1o<br \/>\nclaro no estoy seguro si me gusta el estilo<br \/>\nque tu voluntad elige para hacerse<br \/>\nlo digo con irreverencia y gratitud<br \/>\ndos emblemas que pronto ser\u00e1n la misma cosa<br \/>\nlo digo sobre todo pensando en el pan nuestro<br \/>\nde cada d\u00eda y de cada pedacito de d\u00eda<br \/>\nayer nos lo quitaste<br \/>\nd\u00e1nosle hoy<br \/>\no al menos el derecho de darnos nuestro pan<br \/>\nno s\u00f3lo el que era s\u00edmbolo de Algo<br \/>\nsino el de miga y c\u00e1scara<br \/>\nel pan nuestro<br \/>\nya que nos queda pocas esperanzas y deudas<br \/>\nperd\u00f3nanos si puedes nuestras deudas<br \/>\npero no nos perdones la esperanza<br \/>\nno nos perdones nunca nuestros cr\u00e9ditos<br \/>\na m\u00e1s tardar ma\u00f1ana<br \/>\nsaldremos a cobrar a los fallutos<br \/>\ntangibles y sonrientes forajidos<br \/>\na los que tienen garras para el arpa<br \/>\ny un panamericano temblor con que se enjugan<br \/>\nla \u00faltima escupida que cuelga de su rostro<br \/>\npoco importa que nuestros acreedores perdonen<br \/>\nas\u00ed como nosotros<br \/>\nuna vez<br \/>\npor error<br \/>\nperdonamos a nuestros deudores<br \/>\ntodav\u00eda<br \/>\nnos deben como un siglo<br \/>\nde insomnios y garrote<br \/>\ncomo tres mil kil\u00f3metros de injurias<br \/>\ncomo veinte medallas a Somoza<br \/>\ncomo una sola Guatemala muerta<br \/>\nno nos dejes caer en la tentaci\u00f3n<br \/>\nde olvidar o vender este pasado<br \/>\no arrendar una sola hect\u00e1rea de su olvido<br \/>\nahora que es la hora de saber qui\u00e9nes somos<br \/>\ny han de cruzar el r\u00edo<br \/>\nel d\u00f3lar y su amor contrarrembolso<br \/>\narr\u00e1ncanos del alma el \u00faltimo mendigo<br \/>\ny l\u00edbranos de todo mal de conciencia<br \/>\nam\u00e9n.<\/em><\/strong><\/p>\n<p><!-- \/#cuerpo --><\/p>\n<p style=\"text-align: center\"><strong><em><\/em><\/strong><\/p>\n<p><!-- fin de poema !--><\/p>\n<p style=\"text-align: right\"><strong><em>Mario Benedetti<br \/>\n<\/em><\/strong><\/p>\n","protected":false},"excerpt":{"rendered":"<p>Padre nuestro que est\u00e1s en los cielos con las golondrinas y los misiles quiero que vuelvas antes de que olvides c\u00f3mo se llega al sur de R\u00edo Grande Pdre nuestro que est\u00e1s en el exilio casi nunca te acuerdas de los m\u00edos de todos modos dondequiera que est\u00e9s santificado sea tu nombre no quienes santifican [&hellip;]<\/p>\n","protected":false},"author":1818,"featured_media":0,"comment_status":"open","ping_status":"open","sticky":false,"template":"","format":"standard","meta":{"_monsterinsights_skip_tracking":false,"_monsterinsights_sitenote_active":false,"_monsterinsights_sitenote_note":"","_monsterinsights_sitenote_category":0,"footnotes":""},"categories":[11436],"tags":[],"class_list":["post-208","post","type-post","status-publish","format-standard","hentry","category-pensamientos-espirituales"],"_links":{"self":[{"href":"https:\/\/blog.espol.edu.ec\/adamian\/wp-json\/wp\/v2\/posts\/208","targetHints":{"allow":["GET"]}}],"collection":[{"href":"https:\/\/blog.espol.edu.ec\/adamian\/wp-json\/wp\/v2\/posts"}],"about":[{"href":"https:\/\/blog.espol.edu.ec\/adamian\/wp-json\/wp\/v2\/types\/post"}],"author":[{"embeddable":true,"href":"https:\/\/blog.espol.edu.ec\/adamian\/wp-json\/wp\/v2\/users\/1818"}],"replies":[{"embeddable":true,"href":"https:\/\/blog.espol.edu.ec\/adamian\/wp-json\/wp\/v2\/comments?post=208"}],"version-history":[{"count":1,"href":"https:\/\/blog.espol.edu.ec\/adamian\/wp-json\/wp\/v2\/posts\/208\/revisions"}],"predecessor-version":[{"id":209,"href":"https:\/\/blog.espol.edu.ec\/adamian\/wp-json\/wp\/v2\/posts\/208\/revisions\/209"}],"wp:attachment":[{"href":"https:\/\/blog.espol.edu.ec\/adamian\/wp-json\/wp\/v2\/media?parent=208"}],"wp:term":[{"taxonomy":"category","embeddable":true,"href":"https:\/\/blog.espol.edu.ec\/adamian\/wp-json\/wp\/v2\/categories?post=208"},{"taxonomy":"post_tag","embeddable":true,"href":"https:\/\/blog.espol.edu.ec\/adamian\/wp-json\/wp\/v2\/tags?post=208"}],"curies":[{"name":"wp","href":"https:\/\/api.w.org\/{rel}","templated":true}]}}