{"id":245,"date":"2009-12-07T12:16:55","date_gmt":"2009-12-07T16:16:55","guid":{"rendered":"http:\/\/blog.espol.edu.ec\/adamian\/?p=245"},"modified":"2009-12-07T12:16:55","modified_gmt":"2009-12-07T16:16:55","slug":"pensando-en-ti","status":"publish","type":"post","link":"https:\/\/blog.espol.edu.ec\/adamian\/2009\/12\/07\/pensando-en-ti\/","title":{"rendered":"Pensando en t\u00ed"},"content":{"rendered":"<pre style=\"text-align: center\"><span><span style=\"font-size: 14px\">Cu\u00e1ndo miro que en el cielo, brillan todas las estrellas,\r\nes que estoy pensando en ti\r\nCu\u00e1ndo miro que las rosas, son m\u00e1s rojas y m\u00e1s bellas,\r\nes que estoy pensando en ti\r\n\r\nCu\u00e1ndo me hablan y no estoy, o no miro a donde voy,\r\nes que estoy pensando en ti\r\nY si veo que al despertar, todo me hace suspirar,\r\nes que estoy pensando en ti\r\n\r\nCu\u00e1ndo observo que las cosas, amanecen m\u00e1s hermosas,\r\nes que estoy pensando en ti\r\nSi las voces de las gentes, las escucho diferentes,\r\nes que estoy pensando en ti\r\n\r\nCu\u00e1ndo todo me parece, cuando nada me disgusta,\r\nCuando el tiempo se me pasa sin sentir,\r\nes que estoy pensando en ti\r\nes que estoy pensando solo en ti......\r\n\r\n<img loading=\"lazy\" decoding=\"async\" class=\"aligncenter size-medium wp-image-247\" src=\"http:\/\/blog.espol.edu.ec\/adamian\/files\/2009\/12\/400_1189039484_corazon-300x225.jpg\" alt=\"400_1189039484_corazon\" width=\"300\" height=\"225\" srcset=\"https:\/\/blog.espol.edu.ec\/adamian\/files\/2009\/12\/400_1189039484_corazon-300x225.jpg 300w, https:\/\/blog.espol.edu.ec\/adamian\/files\/2009\/12\/400_1189039484_corazon.jpg 400w\" sizes=\"auto, (max-width: 300px) 100vw, 300px\" \/>\r\n<strong><em>Armando Manzanero<\/em><\/strong><\/span><\/span><\/pre>\n","protected":false},"excerpt":{"rendered":"<p>Cu\u00e1ndo miro que en el cielo, brillan todas las estrellas, es que estoy pensando en ti Cu\u00e1ndo miro que las rosas, son m\u00e1s rojas y m\u00e1s bellas, es que estoy pensando en ti Cu\u00e1ndo me hablan y no estoy, o no miro a donde voy, es que estoy pensando en ti Y si veo que [&hellip;]<\/p>\n","protected":false},"author":1818,"featured_media":0,"comment_status":"open","ping_status":"open","sticky":false,"template":"","format":"standard","meta":{"_monsterinsights_skip_tracking":false,"_monsterinsights_sitenote_active":false,"_monsterinsights_sitenote_note":"","_monsterinsights_sitenote_category":0,"footnotes":""},"categories":[11474],"tags":[12928,13955,13954],"class_list":["post-245","post","type-post","status-publish","format-standard","hentry","category-pensamientos-y-poemas-romaticos","tag-para-melissa","tag-para-la-chica-de-la-babateca","tag-para-mjti"],"_links":{"self":[{"href":"https:\/\/blog.espol.edu.ec\/adamian\/wp-json\/wp\/v2\/posts\/245","targetHints":{"allow":["GET"]}}],"collection":[{"href":"https:\/\/blog.espol.edu.ec\/adamian\/wp-json\/wp\/v2\/posts"}],"about":[{"href":"https:\/\/blog.espol.edu.ec\/adamian\/wp-json\/wp\/v2\/types\/post"}],"author":[{"embeddable":true,"href":"https:\/\/blog.espol.edu.ec\/adamian\/wp-json\/wp\/v2\/users\/1818"}],"replies":[{"embeddable":true,"href":"https:\/\/blog.espol.edu.ec\/adamian\/wp-json\/wp\/v2\/comments?post=245"}],"version-history":[{"count":1,"href":"https:\/\/blog.espol.edu.ec\/adamian\/wp-json\/wp\/v2\/posts\/245\/revisions"}],"predecessor-version":[{"id":248,"href":"https:\/\/blog.espol.edu.ec\/adamian\/wp-json\/wp\/v2\/posts\/245\/revisions\/248"}],"wp:attachment":[{"href":"https:\/\/blog.espol.edu.ec\/adamian\/wp-json\/wp\/v2\/media?parent=245"}],"wp:term":[{"taxonomy":"category","embeddable":true,"href":"https:\/\/blog.espol.edu.ec\/adamian\/wp-json\/wp\/v2\/categories?post=245"},{"taxonomy":"post_tag","embeddable":true,"href":"https:\/\/blog.espol.edu.ec\/adamian\/wp-json\/wp\/v2\/tags?post=245"}],"curies":[{"name":"wp","href":"https:\/\/api.w.org\/{rel}","templated":true}]}}