{"id":3,"date":"2009-06-01T18:03:05","date_gmt":"2009-06-01T22:03:05","guid":{"rendered":"http:\/\/blog.espol.edu.ec\/adamian\/2009\/06\/01\/con-la-muerte-en-las-entranas\/"},"modified":"2009-06-01T18:03:05","modified_gmt":"2009-06-01T22:03:05","slug":"con-la-muerte-en-las-entranas","status":"publish","type":"post","link":"https:\/\/blog.espol.edu.ec\/adamian\/2009\/06\/01\/con-la-muerte-en-las-entranas\/","title":{"rendered":"Con la muerte en las entra\u00f1as"},"content":{"rendered":"<p>CON LA MUERTE EN LAS ENTRA\u00d1AS<br \/>\npor Carlos Rey<\/p>\n<p>Ocurri\u00f3 en agosto de 1974, en el aeropuerto internacional Jorge Ch\u00e1vez de Lima, Per\u00fa. La gente entraba y sal\u00eda, con el nerviosismo propio de un aeropuerto, cuando de pronto un hombre corpulento, de tez bronceada, lanz\u00f3 un grito desgarrador y cay\u00f3 al suelo echando espumarajos. Mientras se retorc\u00eda de dolor, atormentado por las convulsiones, las autoridades del aeropuerto llamaron una ambulancia. En cuesti\u00f3n de segundos su rostro se puso blanco como la cera.<br \/>\nSe trataba de Curtis Melvin Carnes, norteamericano de veintisiete a\u00f1os de edad, oriundo de la ciudad de Austin, capital del estado de Texas en los Estados Unidos. Lo llevaron de emergencia al hospital, pero ya era demasiado tarde. Falleci\u00f3 poco despu\u00e9s de haber entrado en la sala de operaciones.<br \/>\nAl hacerle la autopsia, los m\u00e9dicos forenses casi no pod\u00edan creer lo que estaban viendo. Hab\u00eda en el est\u00f3mago de aquel individuo 123 bolsitas de pl\u00e1stico que conten\u00edan 335 gramos de clorhidrato de coca\u00edna.<br \/>\nLa muerte del contrabandista se debi\u00f3 a un edema pulmonar por intoxicaci\u00f3n, al reventarse doce de las bolsas en su est\u00f3mago. Esta tragedia fue el inicio de una investigaci\u00f3n minuciosa cuyo fin era desmantelar las actividades de una bien montada banda internacional de narcotraficantes.<br \/>\nD\u00edas despu\u00e9s las autoridades detuvieron a otro norteamericano, llamado Thomas Wolfe, universitario de veintitr\u00e9s a\u00f1os, a quien ingresaron en un hospital, donde expuls\u00f3 veintitr\u00e9s bolsitas de pl\u00e1stico, tambi\u00e9n llenas de droga.<br \/>\n\u00bfQu\u00e9 hace que una persona se disponga a llevar la muerte misma en las entra\u00f1as? Una cosa es ingerir la droga en peque\u00f1as dosis, y otra es llevarla dentro en dosis letales. Y sin embargo se han visto muchos casos de individuos que han corrido el enorme riesgo de tragarse ese veneno en bolsitas pl\u00e1sticas a fin de llevarlo de contrabando dentro del cuerpo.<br \/>\nPara los que pensamos que esto no tiene nada que ver con nosotros, tal vez nos convenga volver a pensarlo. Aunque no llevemos ninguna droga por dentro, es posible que s\u00ed llevemos otra clase de veneno en las entra\u00f1as. \u00bfAcaso no son el odio y el resentimiento, la codicia y los celos, venenos que tarde o temprano nos consumir\u00e1n si no los eliminamos a tiempo?<br \/>\nSi llevamos ese veneno en las entra\u00f1as, m\u00e1s vale que le pidamos a Dios que saque de nuestro coraz\u00f3n toda bolsa de veneno mortal antes de que estalle en nosotros. Para eso envi\u00f3 \u00c9l a su Hijo Jesucristo al mundo: para limpiarnos de todo lo que nos contamina.<\/p>\n","protected":false},"excerpt":{"rendered":"<p>CON LA MUERTE EN LAS ENTRA\u00d1AS por Carlos Rey Ocurri\u00f3 en agosto de 1974, en el aeropuerto internacional Jorge Ch\u00e1vez de Lima, Per\u00fa. La gente entraba y sal\u00eda, con el nerviosismo propio de un aeropuerto, cuando de pronto un hombre corpulento, de tez bronceada, lanz\u00f3 un grito desgarrador y cay\u00f3 al suelo echando espumarajos. Mientras [&hellip;]<\/p>\n","protected":false},"author":1818,"featured_media":0,"comment_status":"open","ping_status":"open","sticky":false,"template":"","format":"standard","meta":{"_monsterinsights_skip_tracking":false,"_monsterinsights_sitenote_active":false,"_monsterinsights_sitenote_note":"","_monsterinsights_sitenote_category":0,"footnotes":""},"categories":[11436],"tags":[6866],"class_list":["post-3","post","type-post","status-publish","format-standard","hentry","category-pensamientos-espirituales","tag-leelo-y-meditalo"],"_links":{"self":[{"href":"https:\/\/blog.espol.edu.ec\/adamian\/wp-json\/wp\/v2\/posts\/3","targetHints":{"allow":["GET"]}}],"collection":[{"href":"https:\/\/blog.espol.edu.ec\/adamian\/wp-json\/wp\/v2\/posts"}],"about":[{"href":"https:\/\/blog.espol.edu.ec\/adamian\/wp-json\/wp\/v2\/types\/post"}],"author":[{"embeddable":true,"href":"https:\/\/blog.espol.edu.ec\/adamian\/wp-json\/wp\/v2\/users\/1818"}],"replies":[{"embeddable":true,"href":"https:\/\/blog.espol.edu.ec\/adamian\/wp-json\/wp\/v2\/comments?post=3"}],"version-history":[{"count":0,"href":"https:\/\/blog.espol.edu.ec\/adamian\/wp-json\/wp\/v2\/posts\/3\/revisions"}],"wp:attachment":[{"href":"https:\/\/blog.espol.edu.ec\/adamian\/wp-json\/wp\/v2\/media?parent=3"}],"wp:term":[{"taxonomy":"category","embeddable":true,"href":"https:\/\/blog.espol.edu.ec\/adamian\/wp-json\/wp\/v2\/categories?post=3"},{"taxonomy":"post_tag","embeddable":true,"href":"https:\/\/blog.espol.edu.ec\/adamian\/wp-json\/wp\/v2\/tags?post=3"}],"curies":[{"name":"wp","href":"https:\/\/api.w.org\/{rel}","templated":true}]}}