{"id":180,"date":"2011-07-11T22:49:03","date_gmt":"2011-07-12T03:49:03","guid":{"rendered":"http:\/\/blog.espol.edu.ec\/adrlibar\/?p=180"},"modified":"2011-07-11T22:49:03","modified_gmt":"2011-07-12T03:49:03","slug":"cambio-climatico-%c2%bfpodra-la-climatologia-alertarnos-ante-una-catastrofe-inminente","status":"publish","type":"post","link":"https:\/\/blog.espol.edu.ec\/adrlibar\/2011\/07\/11\/cambio-climatico-%c2%bfpodra-la-climatologia-alertarnos-ante-una-catastrofe-inminente\/","title":{"rendered":"Cambio clim\u00e1tico \u00bfPodr\u00e1 la climatolog\u00eda alertarnos ante una cat\u00e1strofe inminente?"},"content":{"rendered":"<p><a href=\"http:\/\/blog.espol.edu.ec\/adrlibar\/files\/2011\/07\/image34.png\"><img loading=\"lazy\" decoding=\"async\" class=\"aligncenter size-full wp-image-183\" src=\"http:\/\/blog.espol.edu.ec\/adrlibar\/files\/2011\/07\/image34.png\" alt=\"\" width=\"311\" height=\"219\" srcset=\"https:\/\/blog.espol.edu.ec\/adrlibar\/files\/2011\/07\/image34.png 311w, https:\/\/blog.espol.edu.ec\/adrlibar\/files\/2011\/07\/image34-300x211.png 300w\" sizes=\"auto, (max-width: 311px) 100vw, 311px\" \/><\/a><\/p>\n<p>Ya se sabe que el\u00a0<strong>cambio clim\u00e1tico<\/strong> causado por la actividad humana podr\u00eda llevar ciertos factores climatol\u00f3gicos m\u00e1s all\u00e1 de su \u201c<strong>punto de inflexi\u00f3n<\/strong>\u201d (es decir, peque\u00f1os cambios que provocan un desplazamiento masivo en los sistemas clim\u00e1ticos, con consecuencias potencialmente devastadoras). Los expertos suelen estar de acuerdo en que estos puntos de inflexi\u00f3n son totalmente impredecibles y por lo tanto, no se podr\u00eda alertar a la poblaci\u00f3n para evitar mayores da\u00f1os.<\/p>\n<p>Sin embargo seg\u00fan afirma el<strong> Prof. Lenton<\/strong> de la\u00a0<strong>Universidad de Exeter<\/strong> en su reciente investigaci\u00f3n los \u201c<strong>puntos de inflexi\u00f3n<\/strong>\u201d que provocan estos desastres pueden ser anticipados. Su m\u00e9todo propone comenzar la b\u00fasqueda a partir de los registros cambios en el comportamiento habitual del<strong> clima<\/strong>.<\/p>\n<p>El enfoque parte del an\u00e1lisis de los datos de observaci\u00f3n para detectar signos que indiquen que un sistema clim\u00e1tico se est\u00e1 desacelerando en su respuesta a corto plazo a la variabilidad natural (traducido: lo que experimentamos normalmente como el\u00a0<strong>clima<\/strong>). Este comportamiento caracter\u00edstico indica que el clima se est\u00e1 volviendo m\u00e1s inestable, y esta es una caracter\u00edstica com\u00fan de los sistemas al acercarse a los umbrales cr\u00edticos conocidos como \u201cpuntos de bifurcaci\u00f3n\u201d.<\/p>\n<p><!--more--><\/p>\n<p>Investigaciones recientes muestran que la situaci\u00f3n no es tan desesperada como podr\u00eda parecer: se cuenta \u2013seg\u00fan afirma\u00a0Lenton- con las herramientas para anticipar los umbrales, lo que significa que podr\u00eda dar a las sociedades un valioso tiempo para adaptarse y resguardarse.<\/p>\n<p><a href=\"http:\/\/blog.espol.edu.ec\/adrlibar\/files\/2011\/07\/373px-Retreat_of_the_Helheim_Glacier_Greenland.jpg\"><img loading=\"lazy\" decoding=\"async\" class=\"aligncenter size-full wp-image-182\" src=\"http:\/\/blog.espol.edu.ec\/adrlibar\/files\/2011\/07\/373px-Retreat_of_the_Helheim_Glacier_Greenland.jpg\" alt=\"\" width=\"373\" height=\"600\" srcset=\"https:\/\/blog.espol.edu.ec\/adrlibar\/files\/2011\/07\/373px-Retreat_of_the_Helheim_Glacier_Greenland.jpg 373w, https:\/\/blog.espol.edu.ec\/adrlibar\/files\/2011\/07\/373px-Retreat_of_the_Helheim_Glacier_Greenland-186x300.jpg 186w\" sizes=\"auto, (max-width: 373px) 100vw, 373px\" \/><\/a><\/p>\n<p>Y si bien esto no ser\u00eda una soluci\u00f3n al problema concreto del cambio clim\u00e1tico, s\u00ed podr\u00edas ser un paliativo importante, puesto que sin dudas muchas vidas se salvar\u00edan al poderse dar un aviso sobre imminentes cat\u00e1strofes naturales como inundaciones o huracanes que cada a\u00f1o se cobran m\u00e1s v\u00edctimas.<\/p>\n","protected":false},"excerpt":{"rendered":"<p>Ya se sabe que el\u00a0cambio clim\u00e1tico causado por la actividad humana podr\u00eda llevar ciertos factores climatol\u00f3gicos m\u00e1s all\u00e1 de su \u201cpunto de inflexi\u00f3n\u201d (es decir, peque\u00f1os cambios que provocan un desplazamiento masivo en los sistemas clim\u00e1ticos, con consecuencias potencialmente devastadoras). Los expertos suelen estar de acuerdo en que estos puntos de inflexi\u00f3n son totalmente impredecibles [&hellip;]<\/p>\n","protected":false},"author":3790,"featured_media":0,"comment_status":"open","ping_status":"open","sticky":false,"template":"","format":"standard","meta":{"footnotes":""},"categories":[1],"tags":[],"class_list":["post-180","post","type-post","status-publish","format-standard","hentry","category-uncategorized"],"_links":{"self":[{"href":"https:\/\/blog.espol.edu.ec\/adrlibar\/wp-json\/wp\/v2\/posts\/180","targetHints":{"allow":["GET"]}}],"collection":[{"href":"https:\/\/blog.espol.edu.ec\/adrlibar\/wp-json\/wp\/v2\/posts"}],"about":[{"href":"https:\/\/blog.espol.edu.ec\/adrlibar\/wp-json\/wp\/v2\/types\/post"}],"author":[{"embeddable":true,"href":"https:\/\/blog.espol.edu.ec\/adrlibar\/wp-json\/wp\/v2\/users\/3790"}],"replies":[{"embeddable":true,"href":"https:\/\/blog.espol.edu.ec\/adrlibar\/wp-json\/wp\/v2\/comments?post=180"}],"version-history":[{"count":3,"href":"https:\/\/blog.espol.edu.ec\/adrlibar\/wp-json\/wp\/v2\/posts\/180\/revisions"}],"predecessor-version":[{"id":185,"href":"https:\/\/blog.espol.edu.ec\/adrlibar\/wp-json\/wp\/v2\/posts\/180\/revisions\/185"}],"wp:attachment":[{"href":"https:\/\/blog.espol.edu.ec\/adrlibar\/wp-json\/wp\/v2\/media?parent=180"}],"wp:term":[{"taxonomy":"category","embeddable":true,"href":"https:\/\/blog.espol.edu.ec\/adrlibar\/wp-json\/wp\/v2\/categories?post=180"},{"taxonomy":"post_tag","embeddable":true,"href":"https:\/\/blog.espol.edu.ec\/adrlibar\/wp-json\/wp\/v2\/tags?post=180"}],"curies":[{"name":"wp","href":"https:\/\/api.w.org\/{rel}","templated":true}]}}