{"id":98,"date":"2011-01-12T18:17:31","date_gmt":"2011-01-12T23:17:31","guid":{"rendered":"http:\/\/blog.espol.edu.ec\/adrlibar\/?p=98"},"modified":"2011-01-12T18:17:31","modified_gmt":"2011-01-12T23:17:31","slug":"satelite-planck","status":"publish","type":"post","link":"https:\/\/blog.espol.edu.ec\/adrlibar\/2011\/01\/12\/satelite-planck\/","title":{"rendered":"Sat\u00e9lite Planck"},"content":{"rendered":"<p><a href=\"http:\/\/blog.espol.edu.ec\/adrlibar\/files\/2011\/01\/sateliteplank_456_336.jpg\"><img loading=\"lazy\" decoding=\"async\" class=\"aligncenter size-full wp-image-99\" title=\"Sat\u00e9lite Planck\" src=\"http:\/\/blog.espol.edu.ec\/adrlibar\/files\/2011\/01\/sateliteplank_456_336.jpg\" alt=\"El sat\u00e9lite Planck, lanzado en busca de las se\u00f1ales de la primera luz que surgi\u00f3 en el Universo tras el Big Bang, tambi\u00e9n recogi\u00f3 datos sobre los objetos m\u00e1s fr\u00edos del cielo.\" width=\"456\" height=\"336\" srcset=\"https:\/\/blog.espol.edu.ec\/adrlibar\/files\/2011\/01\/sateliteplank_456_336.jpg 456w, https:\/\/blog.espol.edu.ec\/adrlibar\/files\/2011\/01\/sateliteplank_456_336-300x221.jpg 300w\" sizes=\"auto, (max-width: 456px) 100vw, 456px\" \/><\/a><\/p>\n<p>El sat\u00e9lite Planck, lanzado en busca de las se\u00f1ales de la primera luz que surgi\u00f3 en el Universo tras el Big Bang, tambi\u00e9n recogi\u00f3 datos sobre los objetos m\u00e1s fr\u00edos del cielo, una mina de oro para los cient\u00edficos cuyos resultados fueron presentados el lunes.<br \/>\nLanzado el 14 de mayo de 2009 para analizar el resplandor f\u00f3sil, huella ahora fr\u00eda que el universo dej\u00f3 de su juventud, el sat\u00e9lite Planck est\u00e1 \"idealmente concebido\" para detectar tambi\u00e9n otros objetos muy fr\u00edos, subray\u00f3 el martes ante la prensa Jan Tauber, cient\u00edfico de la Agencia Especial Europea (ESA).<\/p>\n<p>A diferencia de otros instrumentos de observaci\u00f3n que escrutan una estrecha regi\u00f3n del cielo, Planck barri\u00f3 ya varias veces la totalidad de la b\u00f3veda celeste y debe seguir haci\u00e9ndolo durante un a\u00f1o m\u00e1s, lo que debe permitir establecer mapas completos.<\/p>\n<p>\"Es una m\u00e1quina para todo el cielo, lo que nos da la posibilidad de hacer estad\u00edstica\", dijo Tauber, recordando que el sat\u00e9lite Planck, fruto de cerca de 20 a\u00f1os de trabajo cient\u00edfico, est\u00e1 ante todo destinado a descubrir los secretos del origen y la formaci\u00f3n de las grandes estructuras del universo.<\/p>\n<p>Para comprender c\u00f3mo se formaron la estrellas y las galaxias despu\u00e9s del Big Bang, los astr\u00f3nomos tratan de encontrar en la radiaci\u00f3n f\u00f3sil las huellas de los primeros g\u00e9rmenes de materia que permitieron su creaci\u00f3n.<\/p>\n<p>Con el fin de levantar en 2013 una nueva cartograf\u00eda precisa del \u00fanico resplandor de fondo cosmol\u00f3gico, los astr\u00f3nomos deben primer censar con precisi\u00f3n los otros resplandores de longitud de onda similar (objetos celestes fr\u00edos, polvos) que pueden ser confundidos con \u00e9l.<\/p>\n","protected":false},"excerpt":{"rendered":"<p>En busca de la primera luz del Universo y otras galaxias<\/p>\n","protected":false},"author":3790,"featured_media":0,"comment_status":"open","ping_status":"open","sticky":false,"template":"","format":"standard","meta":{"footnotes":""},"categories":[1873],"tags":[32988],"class_list":["post-98","post","type-post","status-publish","format-standard","hentry","category-medio-ambiente","tag-medio-ambiente"],"_links":{"self":[{"href":"https:\/\/blog.espol.edu.ec\/adrlibar\/wp-json\/wp\/v2\/posts\/98","targetHints":{"allow":["GET"]}}],"collection":[{"href":"https:\/\/blog.espol.edu.ec\/adrlibar\/wp-json\/wp\/v2\/posts"}],"about":[{"href":"https:\/\/blog.espol.edu.ec\/adrlibar\/wp-json\/wp\/v2\/types\/post"}],"author":[{"embeddable":true,"href":"https:\/\/blog.espol.edu.ec\/adrlibar\/wp-json\/wp\/v2\/users\/3790"}],"replies":[{"embeddable":true,"href":"https:\/\/blog.espol.edu.ec\/adrlibar\/wp-json\/wp\/v2\/comments?post=98"}],"version-history":[{"count":4,"href":"https:\/\/blog.espol.edu.ec\/adrlibar\/wp-json\/wp\/v2\/posts\/98\/revisions"}],"predecessor-version":[{"id":103,"href":"https:\/\/blog.espol.edu.ec\/adrlibar\/wp-json\/wp\/v2\/posts\/98\/revisions\/103"}],"wp:attachment":[{"href":"https:\/\/blog.espol.edu.ec\/adrlibar\/wp-json\/wp\/v2\/media?parent=98"}],"wp:term":[{"taxonomy":"category","embeddable":true,"href":"https:\/\/blog.espol.edu.ec\/adrlibar\/wp-json\/wp\/v2\/categories?post=98"},{"taxonomy":"post_tag","embeddable":true,"href":"https:\/\/blog.espol.edu.ec\/adrlibar\/wp-json\/wp\/v2\/tags?post=98"}],"curies":[{"name":"wp","href":"https:\/\/api.w.org\/{rel}","templated":true}]}}