{"id":173,"date":"2010-12-02T11:22:52","date_gmt":"2010-12-02T16:22:52","guid":{"rendered":"http:\/\/blog.espol.edu.ec\/adrvilla\/?p=173"},"modified":"2010-12-02T11:25:39","modified_gmt":"2010-12-02T16:25:39","slug":"escuela-superior-politecnica-del-litoral","status":"publish","type":"post","link":"https:\/\/blog.espol.edu.ec\/adrvilla\/2010\/12\/02\/escuela-superior-politecnica-del-litoral\/","title":{"rendered":"Escuela Superior Polit\u00e9cnica del Litoral"},"content":{"rendered":"<div class=\"mceTemp mceIEcenter\" style=\"text-align: left\">\n<dl>\n<dt><a href=\"http:\/\/blog.espol.edu.ec\/adrvilla\/files\/2010\/12\/espol.png\"><img loading=\"lazy\" decoding=\"async\" class=\"size-full wp-image-174\" title=\"espol\" src=\"http:\/\/blog.espol.edu.ec\/adrvilla\/files\/2010\/12\/espol.png\" alt=\"\" width=\"300\" height=\"299\" srcset=\"https:\/\/blog.espol.edu.ec\/adrvilla\/files\/2010\/12\/espol.png 300w, https:\/\/blog.espol.edu.ec\/adrvilla\/files\/2010\/12\/espol-150x150.png 150w\" sizes=\"auto, (max-width: 300px) 100vw, 300px\" \/><\/a><\/dt>\n<dd>Espol<\/dd>\n<\/dl>\n<\/div>\n<p>\u00a0La Escuela Superior Polit\u00e9cnica del Litoral (ESPOL) surgi\u00f3 como respuesta a las crecientes demandas de educaci\u00f3n cient\u00edfico-t\u00e9cnica en la Costa. Fue creada siendo Presidente de la Rep\u00fablica el Dr. Camilo Ponce Enr\u00edquez, mediante Decreto Ejecutivo No. 1664 publicado en el Registro Oficial del 11 de noviembre de 1958. El 25 de mayo de 1959, en dos aulas de la Casona Universitaria, 51 alumnos iniciaron oficialmente la vida acad\u00e9mica de la ESPOL, bajo la direcci\u00f3n del primer Rector, Ing. Walter Camacho Navarro.<\/p>\n<p>La ESPOL es una institui\u00f3n de educaci\u00f3n superior, persona jur\u00eddica de derecho p\u00fablico, sin fines de lucro, aut\u00f3noma en lo acad\u00e9mico, cient\u00edfico, t\u00e9cnico, administrativo, financiero y econ\u00f3mico, con capacidad para auto-regularse, buscar la verdad y formular propuestas para el desarrollo humano, sin m\u00e1s restricciones que las se\u00f1aladas en la constituci\u00f3n y las leyes.<\/p>\n<p><object classid=\"clsid:d27cdb6e-ae6d-11cf-96b8-444553540000\" width=\"440\" height=\"285\"><param name=\"allowFullScreen\" value=\"true\" \/><param name=\"allowscriptaccess\" value=\"always\" \/><param name=\"src\" value=\"http:\/\/www.youtube.com\/v\/z9yXAsS8h1o?fs=1&amp;hl=es_ES\" \/><param name=\"allowfullscreen\" value=\"true\" \/><embed type=\"application\/x-shockwave-flash\" width=\"440\" height=\"285\" src=\"http:\/\/www.youtube.com\/v\/z9yXAsS8h1o?fs=1&amp;hl=es_ES\" allowfullscreen=\"true\" allowscriptaccess=\"always\"><\/embed><\/object><\/p>\n<p>Mi Facultad:<\/p>\n<p>El campo de la actividad dentro del cual se desenvuelve la Facultad de Ingenier\u00eda Mar\u00edtima y Ciencias del Mar, se encuadra dentro de uno de los objetivos de creaci\u00f3n de la ESPOL, que es \"la docencia superior en ciencias y la investigaci\u00f3n de los fen\u00f3menos y recursos naturales de la regi\u00f3n litoral, inclusive el mar territorial.\"<\/p>\n<div id=\"attachment_176\" style=\"width: 202px\" class=\"wp-caption alignleft\"><a href=\"http:\/\/blog.espol.edu.ec\/adrvilla\/files\/2010\/12\/logo1.jpg\"><img loading=\"lazy\" decoding=\"async\" aria-describedby=\"caption-attachment-176\" class=\"size-full wp-image-176\" title=\"logo\" src=\"http:\/\/blog.espol.edu.ec\/adrvilla\/files\/2010\/12\/logo1.jpg\" alt=\"\" width=\"192\" height=\"247\" \/><\/a><p id=\"caption-attachment-176\" class=\"wp-caption-text\">FIMCM<\/p><\/div>\n<ul>\n<li>Somos l\u00edderes en el \u00e1rea de investigaci\u00f3n en ciencias del mar.<\/li>\n<li>Aporte a la investigaci\u00f3n biol\u00f3gica con la creaci\u00f3n de la carrera Biolog\u00eda Marina.<\/li>\n<li>Aporte al sector tur\u00edstico con profesionales altamente capacitados con una nueva visi\u00f3n de la planificaci\u00f3n y desarrollo del turismo en el Ecuador.<\/li>\n<li>Precursores de la extensi\u00f3n cient\u00edfica a los municipios y comunidades costeras.<\/li>\n<li>Fortalecedores de v\u00ednculo entre universidad, y gobierno seccional, a trav\u00e9s de desarrollo de proyectos de inter\u00e9s comunitario.<\/li>\n<li>Practicas acad\u00e9micas navales a nivel internacional, por convenio con Instituto Panamericano de Ingenier\u00eda Naval.<\/li>\n<\/ul>\n<p><strong>ING. NAVAL:\u00a0<\/strong><\/p>\n<p><strong>\u00a0<\/strong>\u00a0<\/p>\n<h2>INTRODUCCI\u00d3N<\/h2>\n<p>Esta carrera, \u00fanica en el pa\u00eds, est\u00e1 relacionada con \u00e1reas muy importantes del desarrollo econ\u00f3mico y social de nuestro pa\u00eds, ya que los Ingenieros Navales realizan diversas actividades relacionadas con embarcaciones, as\u00ed como con desarrollo de infraestructura para el transporte mar\u00edtimo, fluvial y sector pesquero.<\/p>\n<h2>\u00c1REAS DE COMPETENCIA<\/h2>\n<p>Las \u00e1reas de competencia del ingeniero Naval son:<\/p>\n<p>Dise\u00f1o, construcci\u00f3n y reparaci\u00f3n de todo tipo de embarcaciones tur\u00edsticas, pesqueras, comerciales, y deportivas, en materiales como aluminio, acero, fibra de vidrio y madera.<\/p>\n<p>Dimensionamiento, selecci\u00f3n de la maquinaria principal, auxiliar y sistema propulsor, as\u00ed como maquinaria y equipos sobre cubierta y artes de pesca.<\/p>\n<p>An\u00e1lisis de la infraestructura, tr\u00e1fico, operaci\u00f3n e indicadores econ\u00f3micos para el Transporte Mar\u00edtimo y fluvial.<\/p>\n<p>Planificaci\u00f3n, desarrollo ejecuci\u00f3n de producci\u00f3n y de investigaci\u00f3n en el \u00e1rea de las pesquer\u00edas.<\/p>\n<p>\u00a0<strong>RANKING DE UNIVERSIDADES EN ECUADOR<\/strong><\/p>\n<div class=\"mceTemp mceIEcenter\">\n<dt>\n<div id=\"attachment_179\" style=\"width: 310px\" class=\"wp-caption aligncenter\"><a href=\"http:\/\/blog.espol.edu.ec\/adrvilla\/files\/2010\/12\/Dibujo2.jpg\"><img loading=\"lazy\" decoding=\"async\" aria-describedby=\"caption-attachment-179\" class=\"size-medium wp-image-179\" title=\"Dibujo\" src=\"http:\/\/blog.espol.edu.ec\/adrvilla\/files\/2010\/12\/Dibujo2-300x229.jpg\" alt=\"\" width=\"300\" height=\"229\" srcset=\"https:\/\/blog.espol.edu.ec\/adrvilla\/files\/2010\/12\/Dibujo2-300x229.jpg 300w, https:\/\/blog.espol.edu.ec\/adrvilla\/files\/2010\/12\/Dibujo2.jpg 769w\" sizes=\"auto, (max-width: 300px) 100vw, 300px\" \/><\/a><p id=\"caption-attachment-179\" class=\"wp-caption-text\">ESPOL ubicada en el puesto n\u00ba 1 del Ecuador<\/p><\/div>\n<p><strong>ALGUNAS FOTOS DE\u00a0 ESPOL<\/strong><\/p>\n<\/dt>\n<\/div>\n<div id=\"attachment_181\" style=\"width: 310px\" class=\"wp-caption alignleft\"><a href=\"http:\/\/blog.espol.edu.ec\/adrvilla\/files\/2010\/12\/foto_espol1.jpg\"><img loading=\"lazy\" decoding=\"async\" aria-describedby=\"caption-attachment-181\" class=\"size-medium wp-image-181\" title=\"foto_espol\" src=\"http:\/\/blog.espol.edu.ec\/adrvilla\/files\/2010\/12\/foto_espol1-300x143.jpg\" alt=\"\" width=\"300\" height=\"143\" srcset=\"https:\/\/blog.espol.edu.ec\/adrvilla\/files\/2010\/12\/foto_espol1-300x143.jpg 300w, https:\/\/blog.espol.edu.ec\/adrvilla\/files\/2010\/12\/foto_espol1.jpg 684w\" sizes=\"auto, (max-width: 300px) 100vw, 300px\" \/><\/a><p id=\"caption-attachment-181\" class=\"wp-caption-text\">Monumento en ESPOL con las banderas de paisesla tortuga como s\u00edmbolo caracter\u00edstico de ESPOL<\/p><\/div>\n<div id=\"attachment_183\" style=\"width: 160px\" class=\"wp-caption alignleft\"><a href=\"http:\/\/blog.espol.edu.ec\/adrvilla\/files\/2010\/12\/foto_espol3.jpg\"><img loading=\"lazy\" decoding=\"async\" aria-describedby=\"caption-attachment-183\" class=\"size-full wp-image-183\" title=\"foto_espol3\" src=\"http:\/\/blog.espol.edu.ec\/adrvilla\/files\/2010\/12\/foto_espol3.jpg\" alt=\"\" width=\"150\" height=\"42\" \/><\/a><p id=\"caption-attachment-183\" class=\"wp-caption-text\">La ESPOL como siempre dedicada a la ciencia<\/p><\/div>\n<div id=\"attachment_184\" style=\"width: 310px\" class=\"wp-caption aligncenter\"><a href=\"http:\/\/blog.espol.edu.ec\/adrvilla\/files\/2010\/12\/foto_espol4.jpg\"><img loading=\"lazy\" decoding=\"async\" aria-describedby=\"caption-attachment-184\" class=\"size-medium wp-image-184\" title=\"foto_espol4\" src=\"http:\/\/blog.espol.edu.ec\/adrvilla\/files\/2010\/12\/foto_espol4-300x198.jpg\" alt=\"\" width=\"300\" height=\"198\" srcset=\"https:\/\/blog.espol.edu.ec\/adrvilla\/files\/2010\/12\/foto_espol4-300x198.jpg 300w, https:\/\/blog.espol.edu.ec\/adrvilla\/files\/2010\/12\/foto_espol4.jpg 612w\" sizes=\"auto, (max-width: 300px) 100vw, 300px\" \/><\/a><p id=\"caption-attachment-184\" class=\"wp-caption-text\">Autoridades de ESPOL<\/p><\/div>\n<p><strong>\u00a0SERVICIOS QUE OFRECE LA ESPOL<\/strong><\/p>\n<div id=\"attachment_185\" style=\"width: 310px\" class=\"wp-caption aligncenter\"><a href=\"http:\/\/blog.espol.edu.ec\/adrvilla\/files\/2010\/12\/Dibujo3.jpg\"><img loading=\"lazy\" decoding=\"async\" aria-describedby=\"caption-attachment-185\" class=\"size-medium wp-image-185\" title=\"Dibujo\" src=\"http:\/\/blog.espol.edu.ec\/adrvilla\/files\/2010\/12\/Dibujo3-300x41.jpg\" alt=\"\" width=\"300\" height=\"41\" srcset=\"https:\/\/blog.espol.edu.ec\/adrvilla\/files\/2010\/12\/Dibujo3-300x41.jpg 300w, https:\/\/blog.espol.edu.ec\/adrvilla\/files\/2010\/12\/Dibujo3.jpg 785w\" sizes=\"auto, (max-width: 300px) 100vw, 300px\" \/><\/a><p id=\"caption-attachment-185\" class=\"wp-caption-text\">SERVICIOS DE ESPOL<\/p><\/div>\n<p><strong>MAIL:<\/strong> podemos acceder quienes poseemos cuenta en ESPOL<\/p>\n<p><strong>BLOG ESPOL<\/strong>: publicaciones sobre ESPOL<\/p>\n<p><strong>YOUTUBE:<\/strong> canal de ESPOL y videos de profesores con sus respectivas clases<\/p>\n<p><strong>ACADEMICO<\/strong>: ingresamos a el cuando tenemos que inscribirnos<\/p>\n<p><strong>FACEBOOK<\/strong>: la ESPOL presente en redes sociales<\/p>\n<p><strong>FLICKR:<\/strong> fotos de ESPOL<\/p>\n<p><strong>CENACAD<\/strong>: para evaluar a los profesores<\/p>\n","protected":false},"excerpt":{"rendered":"<p>Espol \u00a0La Escuela Superior Polit\u00e9cnica del Litoral (ESPOL) surgi\u00f3 como respuesta a las crecientes demandas de educaci\u00f3n cient\u00edfico-t\u00e9cnica en la Costa. Fue creada siendo Presidente de la Rep\u00fablica el Dr. Camilo Ponce Enr\u00edquez, mediante Decreto Ejecutivo No. 1664 publicado en el Registro Oficial del 11 de noviembre de 1958. El 25 de mayo de 1959, [&hellip;]<\/p>\n","protected":false},"author":658,"featured_media":0,"comment_status":"open","ping_status":"open","sticky":false,"template":"","format":"standard","meta":{"footnotes":""},"categories":[852],"tags":[401,894,6,1041,993],"class_list":["post-173","post","type-post","status-publish","format-standard","hentry","category-educacion","tag-analisis","tag-ciencias","tag-espol","tag-fimcm","tag-lideres"],"_links":{"self":[{"href":"https:\/\/blog.espol.edu.ec\/adrvilla\/wp-json\/wp\/v2\/posts\/173","targetHints":{"allow":["GET"]}}],"collection":[{"href":"https:\/\/blog.espol.edu.ec\/adrvilla\/wp-json\/wp\/v2\/posts"}],"about":[{"href":"https:\/\/blog.espol.edu.ec\/adrvilla\/wp-json\/wp\/v2\/types\/post"}],"author":[{"embeddable":true,"href":"https:\/\/blog.espol.edu.ec\/adrvilla\/wp-json\/wp\/v2\/users\/658"}],"replies":[{"embeddable":true,"href":"https:\/\/blog.espol.edu.ec\/adrvilla\/wp-json\/wp\/v2\/comments?post=173"}],"version-history":[{"count":3,"href":"https:\/\/blog.espol.edu.ec\/adrvilla\/wp-json\/wp\/v2\/posts\/173\/revisions"}],"predecessor-version":[{"id":187,"href":"https:\/\/blog.espol.edu.ec\/adrvilla\/wp-json\/wp\/v2\/posts\/173\/revisions\/187"}],"wp:attachment":[{"href":"https:\/\/blog.espol.edu.ec\/adrvilla\/wp-json\/wp\/v2\/media?parent=173"}],"wp:term":[{"taxonomy":"category","embeddable":true,"href":"https:\/\/blog.espol.edu.ec\/adrvilla\/wp-json\/wp\/v2\/categories?post=173"},{"taxonomy":"post_tag","embeddable":true,"href":"https:\/\/blog.espol.edu.ec\/adrvilla\/wp-json\/wp\/v2\/tags?post=173"}],"curies":[{"name":"wp","href":"https:\/\/api.w.org\/{rel}","templated":true}]}}