{"id":105,"date":"2011-11-17T17:24:42","date_gmt":"2011-11-17T17:24:42","guid":{"rendered":"http:\/\/blog.espol.edu.ec\/afernand\/?p=105"},"modified":"2011-11-17T17:50:55","modified_gmt":"2011-11-17T17:50:55","slug":"about-my-blog","status":"publish","type":"post","link":"https:\/\/blog.espol.edu.ec\/afernand\/2011\/11\/17\/about-my-blog\/","title":{"rendered":"ABOUT MY BLOG..."},"content":{"rendered":"<p>Hola,<br \/>\nMi nombre es Alvaro Fern\u00e1ndez Alb\u00e1n, tengo 17 a\u00f1os, sigo la carrera de Ingenier\u00eda Civil y he creado este blog con el fin de dar a conocer a la gente que vive en este pa\u00eds y por qu\u00e9 no a personas del extranjero, las maravillas que tiene la hermosa ciudad de Guayaquil.<\/p>\n<p>M\u00e1s all\u00e1 de dar a conocer esta Gran ciudad llamada Guayaquil, mi objetivo es impulsar el turismo tanto de personas a nivel nacional como de personas a nivel internacional.<\/p>\n<p>Mi prop\u00f3sito para las personas que residen en Guayaquil es que no busquen viajar al exterior o a otras ciudades para divertirse, sino que conozcan primeramente las bellezas que tiene esta ciudad tales como: parques, museos, complejos deportivos, etc.<\/p>\n<div style=\"width:425px\" id=\"__ss_10173044\"> <strong><a href=\"http:\/\/www.slideshare.net\/Alvaro Fern\u00e0ndez Alb\u00e0n\/lbum-de-fotografas-10173044\" title=\"Album de fotograf\u00ecas\" target=\"_blank\">Album de fotograf\u00ecas<\/a><\/strong> <iframe loading=\"lazy\" src=\"http:\/\/www.slideshare.net\/slideshow\/embed_code\/10173044\" width=\"425\" height=\"355\" frameborder=\"0\"><\/iframe> <\/p>\n<div style=\"padding:5px 0 12px\"> View more <a href=\"http:\/\/www.slideshare.net\/\" target=\"_blank\">presentations<\/a> from <a href=\"http:\/\/www.slideshare.net\/Alvaro Fern\u00e0ndez Alb\u00e0n\" target=\"_blank\">Alvaro Fern\u00e0ndez Alb\u00e0n<\/a> <\/div>\n<\/p><\/div>\n<p>\"&gt;<\/p>\n<p><strong>GUAYAQUIL<\/strong><\/p>\n<p><iframe loading=\"lazy\" width=\"700\" height=\"500\" src=\"http:\/\/www.youtube.com\/embed\/2aR4dHbFZCk\" frameborder=\"0\" allowfullscreen><\/iframe><\/p>\n<p><iframe loading=\"lazy\" width=\"700\" height=\"500\" src=\"http:\/\/www.youtube.com\/embed\/KO4S9_mm2a8\" frameborder=\"0\" allowfullscreen><\/iframe><\/p>\n","protected":false},"excerpt":{"rendered":"<p>Hola, Mi nombre es Alvaro Fern\u00e1ndez Alb\u00e1n, tengo 17 a\u00f1os, sigo la carrera de Ingenier\u00eda Civil y he creado este blog con el fin de dar a conocer a la gente que vive en este pa\u00eds y por qu\u00e9 no a personas del extranjero, las maravillas que tiene la hermosa ciudad de Guayaquil. M\u00e1s all\u00e1 [&hellip;]<\/p>\n","protected":false},"author":6941,"featured_media":0,"comment_status":"open","ping_status":"open","sticky":false,"template":"","format":"standard","meta":{"footnotes":""},"categories":[1],"tags":[],"class_list":["post-105","post","type-post","status-publish","format-standard","hentry","category-uncategorized"],"_links":{"self":[{"href":"https:\/\/blog.espol.edu.ec\/afernand\/wp-json\/wp\/v2\/posts\/105","targetHints":{"allow":["GET"]}}],"collection":[{"href":"https:\/\/blog.espol.edu.ec\/afernand\/wp-json\/wp\/v2\/posts"}],"about":[{"href":"https:\/\/blog.espol.edu.ec\/afernand\/wp-json\/wp\/v2\/types\/post"}],"author":[{"embeddable":true,"href":"https:\/\/blog.espol.edu.ec\/afernand\/wp-json\/wp\/v2\/users\/6941"}],"replies":[{"embeddable":true,"href":"https:\/\/blog.espol.edu.ec\/afernand\/wp-json\/wp\/v2\/comments?post=105"}],"version-history":[{"count":9,"href":"https:\/\/blog.espol.edu.ec\/afernand\/wp-json\/wp\/v2\/posts\/105\/revisions"}],"predecessor-version":[{"id":117,"href":"https:\/\/blog.espol.edu.ec\/afernand\/wp-json\/wp\/v2\/posts\/105\/revisions\/117"}],"wp:attachment":[{"href":"https:\/\/blog.espol.edu.ec\/afernand\/wp-json\/wp\/v2\/media?parent=105"}],"wp:term":[{"taxonomy":"category","embeddable":true,"href":"https:\/\/blog.espol.edu.ec\/afernand\/wp-json\/wp\/v2\/categories?post=105"},{"taxonomy":"post_tag","embeddable":true,"href":"https:\/\/blog.espol.edu.ec\/afernand\/wp-json\/wp\/v2\/tags?post=105"}],"curies":[{"name":"wp","href":"https:\/\/api.w.org\/{rel}","templated":true}]}}