{"id":19,"date":"2013-05-20T21:05:22","date_gmt":"2013-05-20T21:05:22","guid":{"rendered":"http:\/\/blog.espol.edu.ec\/alban\/?p=19"},"modified":"2013-05-29T17:18:19","modified_gmt":"2013-05-29T17:18:19","slug":"imagenes-e-hipervinculos","status":"publish","type":"post","link":"https:\/\/blog.espol.edu.ec\/alban\/2013\/05\/20\/imagenes-e-hipervinculos\/","title":{"rendered":"Compositores y composiciones"},"content":{"rendered":"<h1><\/h1>\n<h2>\u00a0Grandes Compositores, grandes composiciones<\/h2>\n<p>&nbsp;<\/p>\n<h1><strong>Johan Sebastian Bach<\/strong><\/h1>\n<div style=\"width: 388px\" class=\"wp-caption aligncenter\"><img loading=\"lazy\" decoding=\"async\" class=\"  \" src=\"http:\/\/4.bp.blogspot.com\/-GcSZcX_821A\/T2VRZKYOwUI\/AAAAAAAAKVw\/h0rMMHkaVLo\/s1600\/tour_dates_2011_sebastian-bach_130288035815.png.jpeg\" alt=\"\" width=\"378\" height=\"254\" \/><p class=\"wp-caption-text\">\"REPRESENTANTE DEL BARROCO\"<\/p><\/div>\n<p>&nbsp;<\/p>\n<p>Fue un compositor, organista, clavecista, y violinista alem\u00e1n nacido en 1685, miembro de la familia de m\u00fasicos m\u00e1s destacada en la historia, aprendi\u00f3 a teor\u00eda musical y a tocar varios instrumentos con su hermano, pues sus padres murieron a una muy temprana edad, m\u00e1s adelante realiza estudios corales y luego empieza a componer influyendo en el mundo de la m\u00fasica, cambiando las estructuras ya existentes, un ejemplo de ello fue, una nueva t\u00e9cnica que dominaba llamada el contrapunto, que consist\u00eda en que sus composiciones para piano y \u00f3rgano eran tocadas con melod\u00eda en ambas manos, es decir no exist\u00eda un acompa\u00f1amiento marcado con la mano izquierda. Finalmente muere en 1750, sentando las bases para el inicio de un nuevo periodo en la m\u00fasica.<\/p>\n<p>Entre sus obras m\u00e1s conocidas est\u00e1n:<\/p>\n<p><a href=\"http:\/\/www.youtube.com\/watch?v=NEKF08t3mW4\">-Toccata y fuga en re menor<\/a><\/p>\n<p><a href=\"http:\/\/www.youtube.com\/watch?v=xVxwuirUX-M\">-Minueto en sol mayor<\/a><\/p>\n<p><a href=\"http:\/\/www.youtube.com\/watch?v=ACeemODSs-c\">-Suite para orquesta no 3<\/a><\/p>\n<p><a href=\"http:\/\/www.youtube.com\/watch?v=xVxwuirUX-M\">-Badinerie<\/a><\/p>\n<p>&nbsp;<\/p>\n<h1 style=\"text-align: left\"><strong>Wolfgang Amadeus Mozart<\/strong><\/h1>\n<dl>\n<dt><img loading=\"lazy\" decoding=\"async\" class=\"    aligncenter\" src=\"http:\/\/4.bp.blogspot.com\/-PCLXEh0fTog\/Tc6ZoKq0ENI\/AAAAAAAAADk\/QvywU0qm-Ng\/s320\/mozart.jpg\" alt=\"\" width=\"220\" height=\"263\" \/><\/dt>\n<dt>\u00a0\u00a0\u00a0\u00a0\u00a0\u00a0\u00a0\u00a0\u00a0\u00a0\u00a0\u00a0\u00a0\u00a0\u00a0\u00a0\u00a0\u00a0\u00a0\u00a0\u00a0\u00a0\u00a0\u00a0\u00a0\u00a0\u00a0\u00a0\u00a0\u00a0\u00a0\u00a0\u00a0\u00a0\u00a0\u00a0\u00a0\u00a0\u00a0 \"REPRESENTANTE DEL CLASICISMO\"<\/dt>\n<\/dl>\n<p>Nacido en Salzburgo Austria en 1756, fue un compositor y pianista austriaco, su introducci\u00f3n en el mundo de la m\u00fasica se dio a muy temprana edad, cuando solo ten\u00eda 4 a\u00f1os, gracias a las ense\u00f1anzas de su padre, debido a que mostr\u00f3 gran habilidad fue considerado un prodigio en el clavec\u00edn(instrumento similar al piano) y en el viol\u00edn, a tal punto de que sus primeras composiciones se dieron a los 5 a\u00f1os y justo a esa edad, gracias a la visi\u00f3n de su padre, hac\u00eda giras por toda Europa, impresionando a la aristocracia. A los 17 a\u00f1os fue aceptado como m\u00fasico en la corte de Salzburgo, donde compuso varias sinfon\u00edas, suites, y sonatas. M\u00e1s tarde se trasladar\u00eda a Viena donde seguir\u00eda componiendo, hasta su muerte, muy joven, en 1791.<\/p>\n<p>Entre sus obras est\u00e1n:<\/p>\n<p><a href=\"http:\/\/www.youtube.com\/watch?v=JTc1mDieQI8\">-Sinfon\u00eda no 40 en sol menor<\/a><\/p>\n<p style=\"text-align: left\"><a href=\"http:\/\/www.youtube.com\/watch?v=YofUPSyCrwo\">-Peque\u00f1a serenata nocturna<\/a><\/p>\n<p style=\"text-align: left\"><a href=\"http:\/\/www.youtube.com\/watch?v=XcC9UpD6M84\">-Sonata no 11<\/a><\/p>\n<p style=\"text-align: left\"><a href=\"http:\/\/www.youtube.com\/watch?v=XcC9UpD6M84\">-12 variaciones (Twinkle Twinkle little star)<\/a><\/p>\n<h1 style=\"text-align: left\"><\/h1>\n<h1 style=\"text-align: left\"><strong>Ludwig van Beethoven<\/strong><\/h1>\n<div style=\"width: 230px\" class=\"wp-caption aligncenter\"><img loading=\"lazy\" decoding=\"async\" class=\" \" src=\"http:\/\/upload.wikimedia.org\/wikipedia\/commons\/thumb\/6\/6f\/Beethoven.jpg\/220px-Beethoven.jpg\" alt=\"\" width=\"220\" height=\"264\" \/><p class=\"wp-caption-text\">\"REPRESENTANTE DEL CLASICISMO\"<\/p><\/div>\n<p>Fue un compositor, pianista y director de orquesta alem\u00e1n, que desde peque\u00f1o la m\u00fasica le era ense\u00f1ada por su padre, a los 7 a\u00f1os dio su primer concierto de piano, y a los 11 realiz\u00f3 su primera composici\u00f3n, unas variaciones acerca de una marcha, una vez que su padre no le pudo ense\u00f1ar m\u00e1s este pas\u00f3 a manos de Christian Neefe quien le ense\u00f1o teor\u00eda musical y le dio a conocer grandes composiciones anteriores, m\u00e1s tarde con 24 a\u00f1os seguir\u00eda componiendo obras para piano, como tr\u00edos, bagatelas, sonatas, etc, as\u00ed como tambi\u00e9n sinfon\u00edas y suites.Tuvo que lidiar con su gran problema la sordera a tal punto que fue capaz de componer su famosa sinfon\u00eda no 9 estando pr\u00e1cticamente sordo. Finalmente muere en 1827, dejando su legado como uno de los \u00faltimos compositores del clasicismo y como uno de los primeros del romanticismo.<\/p>\n<p>Entre sus obras est\u00e1n:<\/p>\n<p><a href=\"http:\/\/www.youtube.com\/watch?v=yAsDLGjMhFI\">-Para elisa<\/a><\/p>\n<p><a href=\"http:\/\/www.youtube.com\/watch?v=yAsDLGjMhFI\">-sonata no 14(claro de luna)<\/a><\/p>\n<p><a href=\"http:\/\/www.youtube.com\/watch?v=Tdg-DT8rTUQ\">-sonata appasionata<\/a><\/p>\n<p><a href=\"http:\/\/www.youtube.com\/watch?v=kBpc3WZOubQ\">-sinfon\u00eda no 5<\/a><\/p>\n<p><a href=\"http:\/\/www.youtube.com\/watch?v=t3217H8JppI\">-sinfon\u00eda\u00a0\u00a0no\u00a0<\/a>9<\/p>\n<h1 style=\"text-align: left\"><strong>Franz Liszt<\/strong><\/h1>\n<div style=\"width: 249px\" class=\"wp-caption aligncenter\"><img loading=\"lazy\" decoding=\"async\" src=\"http:\/\/4.bp.blogspot.com\/_10t_QkeL628\/TMCnoAZYkWI\/AAAAAAAAEEI\/KPBNSXwRh_A\/s1600\/Franz-liszt.jpg\" alt=\"\" width=\"239\" height=\"267\" \/><p class=\"wp-caption-text\">\"REPRESENTANTE DEL ROMANTICISMO\"<\/p><\/div>\n<p>Compositor y pianista h\u00fangaro nacido en 1811, aprendi\u00f3 piano gracias a su padre a los 7 a\u00f1os, a los 8 ya estaba componiendo y a los 9 dio su primera actuaci\u00f3n como pianista frente a la aristocracia, fue considerado como un ni\u00f1o prodigio con un talento similar al de Mozart, m\u00e1s tarde estudiar\u00eda composici\u00f3n y elaborar\u00eda varias sonatas y conciertos para piano,durante su adolescencia su padre morir\u00eda y m\u00e1s tarde como adulto realizar\u00eda una gira \u00a0por Europa, inventando el recital de piano tal como lo conocemos hoy en d\u00eda, conocido como pianista virtuoso, encantando a las multitudes. Durante esos a\u00f1os seguir\u00eda componiendo rapsodias, sinfon\u00edas, \u00f3peras y sonatas, inclusive fue inspirado por el virtuosismo de Paganini. Una vez viejo se dedicar\u00eda mayor parte a la ense\u00f1anza, pero seguir\u00eda componiendo solo que su estilo era atonal, finalmente morir\u00eda en 1886. Uno de sus legados es la invenci\u00f3n del poema sinf\u00f3nico, es decir combinaba la literatura con la musica.<\/p>\n<p>Entre sus obras m\u00e1s conocidas est\u00e1n:<\/p>\n<p><a href=\"http:\/\/www.youtube.com\/watch?v=KpOtuoHL45Y\">- Libestraum no 3<\/a><\/p>\n<p><a href=\"http:\/\/www.youtube.com\/watch?v=byGI1mDi3no\">- Rapsodia h\u00fangara no 2<\/a><\/p>\n<p><a href=\"http:\/\/www.youtube.com\/watch?v=zSHwX2O7j2w\">- Un suspiro<\/a><\/p>\n<p><a href=\"http:\/\/www.youtube.com\/watch?v=MD6xMyuZls0\">-La campanella(transcripci\u00f3n para piano)<\/a><\/p>\n<h1><\/h1>\n<h1>Fr\u00e9d\u00e9ric Chopin<\/h1>\n<p>&nbsp;<\/p>\n<div style=\"width: 251px\" class=\"wp-caption aligncenter\"><img loading=\"lazy\" decoding=\"async\" class=\" \" src=\"http:\/\/userserve-ak.last.fm\/serve\/_\/12081773\/Frdric+Chopin.jpg\" alt=\"\" width=\"241\" height=\"347\" \/><p class=\"wp-caption-text\">\"REPRESENTANTE DEL ROMANTICISMO\"<\/p><\/div>\n<p><strong><br \/>\n<\/strong>Compositor y pianista polaco nacido en 1810, perteneci\u00f3 a una\u00a0familia amante de la cultura en general y particularmente la m\u00fasica, sus primeras lecciones de piano fueron impartidas por su hermana, al ver su padre el talento del ni\u00f1o lo envi\u00f3 a recibir clases con Wojciech Zywny, quien basaba sus ense\u00f1anzas en Mozart\u00a0y Bach, luego a los 7 a\u00f1os compuso su primera obra, polonesa en sol menor y a los 8 a\u00f1os ya daba conciertos e improvisaba, era considerado\u00a0un ni\u00f1o prodigio. M\u00e1s tarde se inscribir\u00eda al conservatorio superior de m\u00fasica de Varsovia, luego empezar\u00eda a componer sus nocturnos, estudios y variaciones, tocando en toda Europa, encant\u00f3 a muchos con su forma de tocar. M\u00e1s adelante morir\u00eda por una neumon\u00eda en Paris en 1849.<\/p>\n<p>Entre sus obras m\u00e1s conocidas est\u00e1n:<\/p>\n<p>-<a href=\"http:\/\/www.youtube.com\/watch?v=G7xyM-n79rE\">Vals del minuto<\/a><\/p>\n<p><a href=\"http:\/\/www.youtube.com\/watch?v=aASXwut4f-Q\">-Estudio revolucionario op 10 no 12<\/a><\/p>\n<p><a href=\"http:\/\/www.youtube.com\/watch?v=28sdV_DXSrU\">-Marcha f\u00fanebre<\/a><\/p>\n<p><a href=\"http:\/\/www.youtube.com\/watch?v=tgA9OrV2DI4\">-Nocturno no 2<\/a><\/p>\n<p>&nbsp;<\/p>\n<h1>Claude Debussy<\/h1>\n<div style=\"width: 240px\" class=\"wp-caption aligncenter\"><img loading=\"lazy\" decoding=\"async\" src=\"http:\/\/upload.wikimedia.org\/wikipedia\/commons\/thumb\/f\/f9\/Claude_Debussy_ca_1908,_foto_av_F\u00e9lix_Nadar.jpg\/230px-Claude_Debussy_ca_1908,_foto_av_F\u00e9lix_Nadar.jpg\" alt=\"\" width=\"230\" height=\"318\" \/><p class=\"wp-caption-text\">\"REPRESENTANTE DEL IMPRESIONISMO\"<\/p><\/div>\n<p>&nbsp;<\/p>\n<p>Fue un compositor y pianista franc\u00e9s nacido en 1862, sus primeras clases de piano las recibi\u00f3 con su t\u00eda, quien lo condujo a que se inscriba en el prestigioso conservatorio de Paris, ex\u00e1menes que aprob\u00f3 con brillantez, m\u00e1s adelante ganar\u00eda varios premios en solfeo y acompa\u00f1amiento, pero en piano ten\u00eda un desempe\u00f1o pobre. M\u00e1s adelante se grad\u00faa e intenta obtener el premio de Roma(prestigioso galard\u00f3n de la \u00e9poca), componiendo la cantata el gladiador, \u00a0pero fracasa y obtiene el segundo lugar. Luego sigue componiendo siendo influenciado por Wagner, preludios, cuartetos, fantas\u00edas, etc. Sus composiciones se caracterizaban por romper con los esquemas establecidos, fue el iniciador del impresionismo. Su muerte se da en 1918.<\/p>\n<p>Algunas de sus obras son:<\/p>\n<p><a href=\"http:\/\/www.youtube.com\/watch?v=8WN9Xb20E1g\">-Claro de luna<\/a><\/p>\n<p><a href=\"http:\/\/www.youtube.com\/watch?v=z2tAJ9qbkF4\">-Preludio a la siesta de un fauno<\/a><\/p>\n<p><a href=\"http:\/\/www.youtube.com\/watch?v=wZIGLHae_P8\">-Doctor gradus ad parnassum<\/a><\/p>\n<p>&nbsp;<\/p>\n<p>&nbsp;<\/p>\n<p>&nbsp;<\/p>\n","protected":false},"excerpt":{"rendered":"<p>\u00a0Grandes Compositores, grandes composiciones &nbsp; Johan Sebastian Bach &nbsp; Fue un compositor, organista, clavecista, y violinista alem\u00e1n nacido en 1685, miembro de la familia de m\u00fasicos m\u00e1s destacada en la historia, aprendi\u00f3 a teor\u00eda musical y a tocar varios instrumentos con su hermano, pues sus padres murieron a una muy temprana edad, m\u00e1s adelante realiza [&hellip;]<\/p>\n","protected":false},"author":8482,"featured_media":0,"comment_status":"open","ping_status":"open","sticky":false,"template":"","format":"standard","meta":{"footnotes":""},"categories":[818],"tags":[],"class_list":["post-19","post","type-post","status-publish","format-standard","hentry","category-sin-categoria"],"_links":{"self":[{"href":"https:\/\/blog.espol.edu.ec\/alban\/wp-json\/wp\/v2\/posts\/19","targetHints":{"allow":["GET"]}}],"collection":[{"href":"https:\/\/blog.espol.edu.ec\/alban\/wp-json\/wp\/v2\/posts"}],"about":[{"href":"https:\/\/blog.espol.edu.ec\/alban\/wp-json\/wp\/v2\/types\/post"}],"author":[{"embeddable":true,"href":"https:\/\/blog.espol.edu.ec\/alban\/wp-json\/wp\/v2\/users\/8482"}],"replies":[{"embeddable":true,"href":"https:\/\/blog.espol.edu.ec\/alban\/wp-json\/wp\/v2\/comments?post=19"}],"version-history":[{"count":15,"href":"https:\/\/blog.espol.edu.ec\/alban\/wp-json\/wp\/v2\/posts\/19\/revisions"}],"predecessor-version":[{"id":23,"href":"https:\/\/blog.espol.edu.ec\/alban\/wp-json\/wp\/v2\/posts\/19\/revisions\/23"}],"wp:attachment":[{"href":"https:\/\/blog.espol.edu.ec\/alban\/wp-json\/wp\/v2\/media?parent=19"}],"wp:term":[{"taxonomy":"category","embeddable":true,"href":"https:\/\/blog.espol.edu.ec\/alban\/wp-json\/wp\/v2\/categories?post=19"},{"taxonomy":"post_tag","embeddable":true,"href":"https:\/\/blog.espol.edu.ec\/alban\/wp-json\/wp\/v2\/tags?post=19"}],"curies":[{"name":"wp","href":"https:\/\/api.w.org\/{rel}","templated":true}]}}