{"id":103,"date":"2009-08-25T21:26:51","date_gmt":"2009-08-26T02:26:51","guid":{"rendered":"http:\/\/blog.espol.edu.ec\/aldap16\/?p=103"},"modified":"2009-08-25T21:26:51","modified_gmt":"2009-08-26T02:26:51","slug":"correa-viaja-a-cuba","status":"publish","type":"post","link":"https:\/\/blog.espol.edu.ec\/aldap16\/2009\/08\/25\/correa-viaja-a-cuba\/","title":{"rendered":"CORREA VIAJA A CUBA"},"content":{"rendered":"<p>img src=\"http:\/\/blog.espol.edu.ec\/aldap16\/files\/2009\/08\/cuba-correa-2.jpg\" alt=\"cuba-correa-2\" title=\"cuba-correa-2\" width=\"400\" height=\"239\" class=\"alignleft size-full wp-image-107\" \/&gt;<\/p>\n<p><img loading=\"lazy\" decoding=\"async\" src=\"http:\/\/blog.espol.edu.ec\/aldap16\/files\/2009\/08\/bonil-firma.jpg\" alt=\"bonil-firma\" width=\"585\" height=\"174\" class=\"alignleft size-full wp-image-105\" srcset=\"https:\/\/blog.espol.edu.ec\/aldap16\/files\/2009\/08\/bonil-firma.jpg 585w, https:\/\/blog.espol.edu.ec\/aldap16\/files\/2009\/08\/bonil-firma-300x89.jpg 300w\" sizes=\"auto, (max-width: 585px) 100vw, 585px\" \/><\/p>\n<p>Fanatismos, militancia, fe, recultamientos... \u00bfen qu\u00e9 se diferencian? Promesas de alcanzar el para\u00edso, castigo a los herejes, vigilar a los pecadores. Vigilar y castigar...<\/p>\n<p><img loading=\"lazy\" decoding=\"async\" src=\"http:\/\/blog.espol.edu.ec\/aldap16\/files\/2009\/08\/fidel-castro-correa.jpg\" alt=\"fidel-castro-correa\" width=\"400\" height=\"264\" class=\"alignleft size-full wp-image-108\" srcset=\"https:\/\/blog.espol.edu.ec\/aldap16\/files\/2009\/08\/fidel-castro-correa.jpg 400w, https:\/\/blog.espol.edu.ec\/aldap16\/files\/2009\/08\/fidel-castro-correa-300x198.jpg 300w\" sizes=\"auto, (max-width: 400px) 100vw, 400px\" \/><br \/>\nSeg\u00fan diario EL COMERCIO, el anuncio del oficialista C\u00e9sar Rodr\u00edguez de buscar consolidar un mill\u00f3n de Comit\u00e9s de Defensa de la Revoluci\u00f3n (CDR) le ha permitido hacer noticia y recuperar alg\u00fan protagonismo dentro del mismo bloque de gobierno. Pero esto va m\u00e1s all\u00e1 de un simple af\u00e1n de protagonismo porque es una intenci\u00f3n real y firme de generar estos comit\u00e9s que, si bien a\u00fan no est\u00e1n vigentes, el modo c\u00f3mo Correa anunci\u00f3 el futuro nacimiento no deja ninguna duda de que ser\u00e1n r\u00e9plicas de los que existen en Cuba y Venezuela. \u00bfComit\u00e9s de Defensa? nos preguntamos todos. \u00bfLo democr\u00e1tico, lo pac\u00edfico, lo alegre, no habr\u00eda sido mejor Comit\u00e9s de apoyo, por ejemplo? La verborrea reivindicadora llena de guerrerismos y luchas \"hasta la victoria siempre\" francamente dan mucho qu\u00e9 pensar...<\/p>\n<p><img loading=\"lazy\" decoding=\"async\" src=\"http:\/\/blog.espol.edu.ec\/aldap16\/files\/2009\/08\/csar-r1.jpg\" alt=\"csar-r1\" width=\"400\" height=\"291\" class=\"alignleft size-full wp-image-104\" srcset=\"https:\/\/blog.espol.edu.ec\/aldap16\/files\/2009\/08\/csar-r1.jpg 400w, https:\/\/blog.espol.edu.ec\/aldap16\/files\/2009\/08\/csar-r1-300x218.jpg 300w\" sizes=\"auto, (max-width: 400px) 100vw, 400px\" \/>&lt;<\/p>\n","protected":false},"excerpt":{"rendered":"<p>img src=\"http:\/\/blog.espol.edu.ec\/aldap16\/files\/2009\/08\/cuba-correa-2.jpg\" alt=\"cuba-correa-2\" title=\"cuba-correa-2\" width=\"400\" height=\"239\" class=\"alignleft size-full wp-image-107\" \/&gt; Fanatismos, militancia, fe, recultamientos... \u00bfen qu\u00e9 se diferencian? Promesas de alcanzar el para\u00edso, castigo a los herejes, vigilar a los pecadores. Vigilar y castigar... Seg\u00fan diario EL COMERCIO, el anuncio del oficialista C\u00e9sar Rodr\u00edguez de buscar consolidar un mill\u00f3n de Comit\u00e9s de Defensa de la [&hellip;]<\/p>\n","protected":false},"author":2414,"featured_media":0,"comment_status":"open","ping_status":"open","sticky":false,"template":"","format":"standard","meta":{"footnotes":""},"categories":[1],"tags":[],"class_list":["post-103","post","type-post","status-publish","format-standard","hentry","category-uncategorized"],"_links":{"self":[{"href":"https:\/\/blog.espol.edu.ec\/aldap16\/wp-json\/wp\/v2\/posts\/103","targetHints":{"allow":["GET"]}}],"collection":[{"href":"https:\/\/blog.espol.edu.ec\/aldap16\/wp-json\/wp\/v2\/posts"}],"about":[{"href":"https:\/\/blog.espol.edu.ec\/aldap16\/wp-json\/wp\/v2\/types\/post"}],"author":[{"embeddable":true,"href":"https:\/\/blog.espol.edu.ec\/aldap16\/wp-json\/wp\/v2\/users\/2414"}],"replies":[{"embeddable":true,"href":"https:\/\/blog.espol.edu.ec\/aldap16\/wp-json\/wp\/v2\/comments?post=103"}],"version-history":[{"count":2,"href":"https:\/\/blog.espol.edu.ec\/aldap16\/wp-json\/wp\/v2\/posts\/103\/revisions"}],"predecessor-version":[{"id":110,"href":"https:\/\/blog.espol.edu.ec\/aldap16\/wp-json\/wp\/v2\/posts\/103\/revisions\/110"}],"wp:attachment":[{"href":"https:\/\/blog.espol.edu.ec\/aldap16\/wp-json\/wp\/v2\/media?parent=103"}],"wp:term":[{"taxonomy":"category","embeddable":true,"href":"https:\/\/blog.espol.edu.ec\/aldap16\/wp-json\/wp\/v2\/categories?post=103"},{"taxonomy":"post_tag","embeddable":true,"href":"https:\/\/blog.espol.edu.ec\/aldap16\/wp-json\/wp\/v2\/tags?post=103"}],"curies":[{"name":"wp","href":"https:\/\/api.w.org\/{rel}","templated":true}]}}