{"id":114,"date":"2009-08-25T21:36:58","date_gmt":"2009-08-26T02:36:58","guid":{"rendered":"http:\/\/blog.espol.edu.ec\/aldap16\/?p=114"},"modified":"2009-08-25T21:36:58","modified_gmt":"2009-08-26T02:36:58","slug":"iphone-3g-en-reducidas-dimensiones","status":"publish","type":"post","link":"https:\/\/blog.espol.edu.ec\/aldap16\/2009\/08\/25\/iphone-3g-en-reducidas-dimensiones\/","title":{"rendered":"iPhone 3G en reducidas dimensiones"},"content":{"rendered":"<p>Con la llegada del MacWorld Expo de 2009 llegan muchos rumores acerca de la marca de la manzanita Apple. Uno de los rumores m\u00e1s transmitidos es la llegada de alguna modificaci\u00f3n de tama\u00f1o con el iPhone, un rumor que siempre ha estado ah\u00ed pero cada d\u00eda se hace m\u00e1s intenso.<\/p>\n<p><img loading=\"lazy\" decoding=\"async\" src=\"http:\/\/blog.espol.edu.ec\/aldap16\/files\/2009\/08\/iphone_family.jpg\" alt=\"iphone_family\" width=\"420\" height=\"343\" class=\"alignleft size-full wp-image-115\" srcset=\"https:\/\/blog.espol.edu.ec\/aldap16\/files\/2009\/08\/iphone_family.jpg 420w, https:\/\/blog.espol.edu.ec\/aldap16\/files\/2009\/08\/iphone_family-300x245.jpg 300w\" sizes=\"auto, (max-width: 420px) 100vw, 420px\" \/><\/p>\n<p>Como se puede ver en la foto se podr\u00edan presentar 2 tipos m\u00e1s de iPhone, siguiendo la jerarqu\u00eda de tama\u00f1os en Mac les denominar\u00edamos Nano y Shuffle, pero realmente el rumor viene en el Nano, porque no ser\u00eda tan descabellado pensar hacer un iPhone de reducidas dimensiones para aquellas personas que no necesitan de tanta pantalla a la hora de trabajar, y que valoran m\u00e1s un tama\u00f1o m\u00e1s ajustado para poder llevarlo m\u00e1s comodamente.<\/p>\n<p>Para la compa\u00f1\u00eda tampoco ser\u00eda tan complicado sacar a la venta un iPhone adem\u00e1s del 3G, que tuviera en vez de 4 l\u00edneas de iconos m\u00e1s el dock, pasara a tener 3 m\u00e1s el dock, porque las caracter\u00edsticas t\u00e9cnicas podr\u00eda ser similar.<\/p>\n<p>Que saliera un iPhone Shuffle es m\u00e1s irreal debido a que ya es hacerlo demasiado peque\u00f1o, sin espacio apenas para poder poner un teclado aunque sea t\u00e1ctil para poder parcar los n\u00fameros al marcar, y ser\u00eda algo inc\u00f3modo de utilizar para llamar a no ser que fuera con auriculares, es m\u00e1s para aparatos como los reproductores MP3.<\/p>\n<p>Veremos a ver cu\u00e1les son las novedades que se presentar\u00e1n en enero en la MacWorld Expo 2009, ya que seg\u00fan ha confirmado Apple, ser\u00e1 la \u00faltima edici\u00f3n en la que la compa\u00f1\u00eda participe en el evento.<\/p>\n","protected":false},"excerpt":{"rendered":"<p>Con la llegada del MacWorld Expo de 2009 llegan muchos rumores acerca de la marca de la manzanita Apple. Uno de los rumores m\u00e1s transmitidos es la llegada de alguna modificaci\u00f3n de tama\u00f1o con el iPhone, un rumor que siempre ha estado ah\u00ed pero cada d\u00eda se hace m\u00e1s intenso. Como se puede ver en [&hellip;]<\/p>\n","protected":false},"author":2414,"featured_media":0,"comment_status":"open","ping_status":"open","sticky":false,"template":"","format":"standard","meta":{"footnotes":""},"categories":[1],"tags":[],"class_list":["post-114","post","type-post","status-publish","format-standard","hentry","category-uncategorized"],"_links":{"self":[{"href":"https:\/\/blog.espol.edu.ec\/aldap16\/wp-json\/wp\/v2\/posts\/114","targetHints":{"allow":["GET"]}}],"collection":[{"href":"https:\/\/blog.espol.edu.ec\/aldap16\/wp-json\/wp\/v2\/posts"}],"about":[{"href":"https:\/\/blog.espol.edu.ec\/aldap16\/wp-json\/wp\/v2\/types\/post"}],"author":[{"embeddable":true,"href":"https:\/\/blog.espol.edu.ec\/aldap16\/wp-json\/wp\/v2\/users\/2414"}],"replies":[{"embeddable":true,"href":"https:\/\/blog.espol.edu.ec\/aldap16\/wp-json\/wp\/v2\/comments?post=114"}],"version-history":[{"count":1,"href":"https:\/\/blog.espol.edu.ec\/aldap16\/wp-json\/wp\/v2\/posts\/114\/revisions"}],"predecessor-version":[{"id":116,"href":"https:\/\/blog.espol.edu.ec\/aldap16\/wp-json\/wp\/v2\/posts\/114\/revisions\/116"}],"wp:attachment":[{"href":"https:\/\/blog.espol.edu.ec\/aldap16\/wp-json\/wp\/v2\/media?parent=114"}],"wp:term":[{"taxonomy":"category","embeddable":true,"href":"https:\/\/blog.espol.edu.ec\/aldap16\/wp-json\/wp\/v2\/categories?post=114"},{"taxonomy":"post_tag","embeddable":true,"href":"https:\/\/blog.espol.edu.ec\/aldap16\/wp-json\/wp\/v2\/tags?post=114"}],"curies":[{"name":"wp","href":"https:\/\/api.w.org\/{rel}","templated":true}]}}