{"id":99,"date":"2009-08-25T21:16:25","date_gmt":"2009-08-26T02:16:25","guid":{"rendered":"http:\/\/blog.espol.edu.ec\/aldap16\/?p=99"},"modified":"2009-08-25T21:17:20","modified_gmt":"2009-08-26T02:17:20","slug":"en-el-auditorio-del-consejo-nacional-de-la-judicatura-se-instalo-ayer-la-audiencia-de-juzgamiento-contra-los-15-imputados-en-el-asalto-y-robo-a-fabricio-correa-delgado-hermano-del-presidente-de-la-re","status":"publish","type":"post","link":"https:\/\/blog.espol.edu.ec\/aldap16\/2009\/08\/25\/en-el-auditorio-del-consejo-nacional-de-la-judicatura-se-instalo-ayer-la-audiencia-de-juzgamiento-contra-los-15-imputados-en-el-asalto-y-robo-a-fabricio-correa-delgado-hermano-del-presidente-de-la-re\/","title":{"rendered":"En el auditorio del Consejo Nacional de la Judicatura se instal\u00f3 ayer la audiencia de juzgamiento contra los 15 imputados en el asalto y robo a Fabricio Correa Delgado, hermano del Presidente de la Rep\u00fablica."},"content":{"rendered":"<p><img loading=\"lazy\" decoding=\"async\" src=\"http:\/\/blog.espol.edu.ec\/aldap16\/files\/2009\/08\/judicial3.jpg\" alt=\"judicial3\" width=\"270\" height=\"180\" class=\"alignleft size-full wp-image-101\" \/>En el auditorio del Consejo Nacional de la Judicatura se instal\u00f3 ayer la audiencia de juzgamiento contra los 15 imputados en el asalto y robo a Fabricio Correa Delgado, hermano del Presidente de la Rep\u00fablica.<\/p>\n<p>La gran cantidad de personas inmersas en el proceso (v\u00edctima, testigos, imputados y abogados) oblig\u00f3 a los jueces de tercer tribunal Penal del Guayas a utilizar las instalaciones se\u00f1aladas.<\/p>\n<p>\u201cDesde ahora hago responsables a todos estos se\u00f1ores de lo que le pueda suceder a mi familia y a m\u00ed, ya que he recibido m\u00faltiples amenazas de muerte a mi celular\u201d, expres\u00f3 Correa al inicio de la diligencia. <\/p>\n<p>Posteriormente, entre los imputados, Correa reconoci\u00f3 a Jes\u00fas Antonio Ronquillo Naranjo, como uno de los tres sujetos que lo asaltaron el 1 de abril de a\u00f1o pasado. Ronquillo lidera una banda de asaltantes denominada Los Rusos.<\/p>\n<p>Despu\u00e9s del amplio interrogatorio al demandante, el fiscal llam\u00f3 a sus 30 testigos, todos los cuales eran polic\u00edas que participaron en las investigaciones y operativo de captura de los involucrados en el delito.<\/p>\n<p>La presencia de los gendarmes gener\u00f3 fuertes cr\u00edticas de parte de los abogados defensores de los acusados, porque adem\u00e1s, el fiscal Carlos P\u00e9rez Asencio se confundi\u00f3 e incluy\u00f3 entre esos testigos a siete individuos que fueron detenidos en noviembre de 2008 durante un frustrado asalto a un hotel en el sur de Guayaquil. <\/p>\n<p>La presidenta del tercer tribunal Penal, Yolanda S\u00e1nchez, detuvo en varias ocasiones la audiencia para llamar a la compostura a los defensores que se exasperaban con todos los testigos llamados a declarar. <\/p>\n<p>La primera etapa de esta diligencia concluy\u00f3 a las 16:45 de ayer, debido a lo extenso de los testimonios de los testigos, se realizar\u00e1 una segunda instancia de este proceso convocada para el pr\u00f3ximo viernes 5 de junio a las 10:00. (JDT)<\/p>\n","protected":false},"excerpt":{"rendered":"<p>En el auditorio del Consejo Nacional de la Judicatura se instal\u00f3 ayer la audiencia de juzgamiento contra los 15 imputados en el asalto y robo a Fabricio Correa Delgado, hermano del Presidente de la Rep\u00fablica. La gran cantidad de personas inmersas en el proceso (v\u00edctima, testigos, imputados y abogados) oblig\u00f3 a los jueces de tercer [&hellip;]<\/p>\n","protected":false},"author":2414,"featured_media":0,"comment_status":"open","ping_status":"open","sticky":false,"template":"","format":"standard","meta":{"footnotes":""},"categories":[1],"tags":[],"class_list":["post-99","post","type-post","status-publish","format-standard","hentry","category-uncategorized"],"_links":{"self":[{"href":"https:\/\/blog.espol.edu.ec\/aldap16\/wp-json\/wp\/v2\/posts\/99","targetHints":{"allow":["GET"]}}],"collection":[{"href":"https:\/\/blog.espol.edu.ec\/aldap16\/wp-json\/wp\/v2\/posts"}],"about":[{"href":"https:\/\/blog.espol.edu.ec\/aldap16\/wp-json\/wp\/v2\/types\/post"}],"author":[{"embeddable":true,"href":"https:\/\/blog.espol.edu.ec\/aldap16\/wp-json\/wp\/v2\/users\/2414"}],"replies":[{"embeddable":true,"href":"https:\/\/blog.espol.edu.ec\/aldap16\/wp-json\/wp\/v2\/comments?post=99"}],"version-history":[{"count":2,"href":"https:\/\/blog.espol.edu.ec\/aldap16\/wp-json\/wp\/v2\/posts\/99\/revisions"}],"predecessor-version":[{"id":102,"href":"https:\/\/blog.espol.edu.ec\/aldap16\/wp-json\/wp\/v2\/posts\/99\/revisions\/102"}],"wp:attachment":[{"href":"https:\/\/blog.espol.edu.ec\/aldap16\/wp-json\/wp\/v2\/media?parent=99"}],"wp:term":[{"taxonomy":"category","embeddable":true,"href":"https:\/\/blog.espol.edu.ec\/aldap16\/wp-json\/wp\/v2\/categories?post=99"},{"taxonomy":"post_tag","embeddable":true,"href":"https:\/\/blog.espol.edu.ec\/aldap16\/wp-json\/wp\/v2\/tags?post=99"}],"curies":[{"name":"wp","href":"https:\/\/api.w.org\/{rel}","templated":true}]}}