{"id":143,"date":"2010-08-30T00:35:06","date_gmt":"2010-08-30T04:35:06","guid":{"rendered":"http:\/\/blog.espol.edu.ec\/aleizamb\/?p=143"},"modified":"2010-08-30T00:35:38","modified_gmt":"2010-08-30T04:35:38","slug":"una-nueva-era-nos-espera","status":"publish","type":"post","link":"https:\/\/blog.espol.edu.ec\/aleizamb\/2010\/08\/30\/una-nueva-era-nos-espera\/","title":{"rendered":"Una nueva era nos espera"},"content":{"rendered":"<p><a href=\"http:\/\/blog.espol.edu.ec\/aleizamb\/files\/2010\/08\/reinaldorueda454_456_336.jpg\"><img loading=\"lazy\" decoding=\"async\" src=\"http:\/\/blog.espol.edu.ec\/aleizamb\/files\/2010\/08\/reinaldorueda454_456_336.jpg\" alt=\"\" title=\"reinaldorueda454_456_336\" width=\"456\" height=\"336\" class=\"aligncenter size-full wp-image-144\" srcset=\"https:\/\/blog.espol.edu.ec\/aleizamb\/files\/2010\/08\/reinaldorueda454_456_336.jpg 456w, https:\/\/blog.espol.edu.ec\/aleizamb\/files\/2010\/08\/reinaldorueda454_456_336-300x221.jpg 300w\" sizes=\"auto, (max-width: 456px) 100vw, 456px\" \/><\/a><strong>Hoy comienza la primera pr\u00e1ctica de la selecci\u00f3n ecuatoriana de f\u00fatbol a cargo del colombiano Reinaldo Rueda nuevo Director T\u00e9cnico de la tri.<br \/>\nEsta es la primera convocatoria del estratega colombiano en lo que marca el inicio del proceso para la clasificaci\u00f3n al Mundial Brasil 2014.<br \/>\nA las 16h00, se prev\u00e9 que los seleccionados se desplacen a M\u00e9xico, haciendo escala en la capital colombiana, Bogot\u00e1.<br \/>\nLos jugadores que militan en el exterior viajar\u00e1n desde los pa\u00edses en los que juegan, directamente a M\u00e9xico.<br \/>\nLa novedad la dio el jugador Eduardo Morante defensa central  del Emelec quien no se podr\u00e1 presentar a su primera convocatoria debido a que en el partido que disputo la tarde de ayer con Liga de Quito sali\u00f3 lesionado, es una verdadera pena ya que esta iba a ser su primera experiencia en la tricolor<br \/>\nLa n\u00f3mina de convocados por Rueda quedo de la siguiente manera:<br \/>\nArqueros: Marcelo Elizaga (Emelec) y M\u00e1ximo Banguera (Barcelona).<br \/>\nDefensas: Miguel Ibarra (Universidad Cat\u00f3lica), Giovanni Caicedo y Luis Checa (Deportivo Quito), Jefferson Hurtado y Giovanni Nazareno (Barcelona).<br \/>\nVolantes: Michel Arroyo (San Luis Potos\u00ed, M\u00e9xico), Walter Ayov\u00ed Corozo (Monterrey, M\u00e9xico), Christian Noboa (Rub\u00edn Kaz\u00e1n, Rusia), Antonio Valencia (Manchester United, Inglaterra), Jefferson Montero (Villarreal, Espa\u00f1a), David Quiroz (Emelec) y Juan Paredes y Osvaldo Minda (Deportivo Quito).<br \/>\nDelanteros: Christian Ben\u00edtez (Santos Laguna, M\u00e9xico), Jaime Ayov\u00ed y Joao Rojas (Emelec) y Marlon de Jes\u00fas (El Nacional).<br \/>\nEcuador se enfrentar\u00e1 a M\u00e9xico el 4 de septiembre en Guadalajara y, el 7 jugar\u00e1 con Venezuela en Barquisimeto. Esperemos que Rueda tenga \u00e9xito en el manejo de la selecci\u00f3n, su \u00e9xito ser\u00e1 el nuestro  <\/p>\n","protected":false},"excerpt":{"rendered":"<p>Hoy comienza la primera pr\u00e1ctica de la selecci\u00f3n ecuatoriana de f\u00fatbol a cargo del colombiano Reinaldo Rueda nuevo Director T\u00e9cnico de la tri. Esta es la primera convocatoria del estratega colombiano en lo que marca el inicio del proceso para la clasificaci\u00f3n al Mundial Brasil 2014. A las 16h00, se prev\u00e9 que los seleccionados se [&hellip;]<\/p>\n","protected":false},"author":2614,"featured_media":0,"comment_status":"open","ping_status":"open","sticky":false,"template":"","format":"standard","meta":{"footnotes":""},"categories":[280976],"tags":[],"class_list":["post-143","post","type-post","status-publish","format-standard","hentry","category-futbol"],"_links":{"self":[{"href":"https:\/\/blog.espol.edu.ec\/aleizamb\/wp-json\/wp\/v2\/posts\/143","targetHints":{"allow":["GET"]}}],"collection":[{"href":"https:\/\/blog.espol.edu.ec\/aleizamb\/wp-json\/wp\/v2\/posts"}],"about":[{"href":"https:\/\/blog.espol.edu.ec\/aleizamb\/wp-json\/wp\/v2\/types\/post"}],"author":[{"embeddable":true,"href":"https:\/\/blog.espol.edu.ec\/aleizamb\/wp-json\/wp\/v2\/users\/2614"}],"replies":[{"embeddable":true,"href":"https:\/\/blog.espol.edu.ec\/aleizamb\/wp-json\/wp\/v2\/comments?post=143"}],"version-history":[{"count":3,"href":"https:\/\/blog.espol.edu.ec\/aleizamb\/wp-json\/wp\/v2\/posts\/143\/revisions"}],"predecessor-version":[{"id":147,"href":"https:\/\/blog.espol.edu.ec\/aleizamb\/wp-json\/wp\/v2\/posts\/143\/revisions\/147"}],"wp:attachment":[{"href":"https:\/\/blog.espol.edu.ec\/aleizamb\/wp-json\/wp\/v2\/media?parent=143"}],"wp:term":[{"taxonomy":"category","embeddable":true,"href":"https:\/\/blog.espol.edu.ec\/aleizamb\/wp-json\/wp\/v2\/categories?post=143"},{"taxonomy":"post_tag","embeddable":true,"href":"https:\/\/blog.espol.edu.ec\/aleizamb\/wp-json\/wp\/v2\/tags?post=143"}],"curies":[{"name":"wp","href":"https:\/\/api.w.org\/{rel}","templated":true}]}}