{"id":262,"date":"2011-02-24T11:46:51","date_gmt":"2011-02-24T15:46:51","guid":{"rendered":"http:\/\/blog.espol.edu.ec\/aleizamb\/?p=262"},"modified":"2011-02-24T11:52:32","modified_gmt":"2011-02-24T15:52:32","slug":"riquelme-lo-mira-desde-las-gradas","status":"publish","type":"post","link":"https:\/\/blog.espol.edu.ec\/aleizamb\/2011\/02\/24\/riquelme-lo-mira-desde-las-gradas\/","title":{"rendered":"RIQUELME LO MIRA DESDE LAS GRADAS"},"content":{"rendered":"<p><a href=\"http:\/\/blog.espol.edu.ec\/aleizamb\/files\/2011\/02\/j78ktSEUnQ1.jpg\"><img loading=\"lazy\" decoding=\"async\" src=\"http:\/\/blog.espol.edu.ec\/aleizamb\/files\/2011\/02\/j78ktSEUnQ1-300x173.jpg\" alt=\"\" title=\"j78ktSEUnQ\" width=\"300\" height=\"173\" class=\"aligncenter size-medium wp-image-264\" srcset=\"https:\/\/blog.espol.edu.ec\/aleizamb\/files\/2011\/02\/j78ktSEUnQ1-300x173.jpg 300w, https:\/\/blog.espol.edu.ec\/aleizamb\/files\/2011\/02\/j78ktSEUnQ1.jpg 380w\" sizes=\"auto, (max-width: 300px) 100vw, 300px\" \/><\/a><\/p>\n<p>Otra vez el foco de atenci\u00f3n est\u00e1 en Boca. El entrenamiento a 48 horas del encuentro ante All Boys dio desde el inicio muestras de una jornada distinta: Juan Rom\u00e1n Riquelme ni siquiera se concentrar\u00e1 para el partido de pasado ma\u00f1ana ante el equipo de Floresta en la Bombonera. El enganche, quien ya se hab\u00eda recuperado del esguince de tobillo derecho que lo dej\u00f3 afuera del match ante Racing y hab\u00eda declarado estar bien f\u00edsicamente, hoy practic\u00f3 aparte y no particip\u00f3 del ensayo formal de f\u00fatbol. Luego, lleg\u00f3 la noticia de que no estar\u00e1 ni siquiera en el banco. <\/p>\n<p>La ma\u00f1ana empez\u00f3 bien temprano. Antes del entrenamiento, Jos\u00e9 Beraldi y Juan Carlos Crespi, los vicepresidentes xeneizes, se juntaron a charlar con Falcioni y Riquelme. Luego, cuando el plantel sali\u00f3 a entrenarse, el DT par\u00f3 un equipo y Rom\u00e1n practica aparte junto a Diego Rivero, quien fue expulsado y no podr\u00e1 jugar el s\u00e1bado, y los juveniles Sauro y Ruiz. El rostro de Riquelme lo dice todo. <\/p>\n<p>Ayer, Riquelme hab\u00eda empezado la pr\u00e1ctica en el equipo de los suplentes. Luego de meter un gol en el primer tiempo, pas\u00f3 a estar entre los titulares en la segunda mitad. Falcioni ten\u00eda pr\u00e1cticamente decidido no incluirlo ante All Boys. El enganche fue titular en la primera fecha ante Godoy Cruz, en la ca\u00edda por 4 a 1. <\/p>\n<p>En el equipo titular que prob\u00f3 Falcioni, tampoco est\u00e1 Walter Erviti, quien s\u00ed se concentra. La formaci\u00f3n ser\u00eda la siguiente: Javier Garc\u00eda; Calvo, Caruzzo, Insaurralde, Clemente Rodr\u00edguez; Ch\u00e1vez, Battaglia, Somoza y Colazo; Mouche y Palermo. Con respecto a la formaci\u00f3n que venci\u00f3 a Racing, Ch\u00e1vez reemplaza al expulsado Rivero y Calvo entra por Monz\u00f3n, lesionado. <\/p>\n<p>A Walter Erviti, Falcioni determin\u00f3 que la lista de concentrados se complete con los siguientes nombres: Lucchetti, Sauro, Ruiz, S\u00e1nchez Mi\u00f1o, Ch\u00e1vez, Orfano, Viatri y Araujo. <\/p>\n","protected":false},"excerpt":{"rendered":"<p>Otra vez el foco de atenci\u00f3n est\u00e1 en Boca. El entrenamiento a 48 horas del encuentro ante All Boys dio desde el inicio muestras de una jornada distinta: Juan Rom\u00e1n Riquelme ni siquiera se concentrar\u00e1 para el partido de pasado ma\u00f1ana ante el equipo de Floresta en la Bombonera. El enganche, quien ya se hab\u00eda [&hellip;]<\/p>\n","protected":false},"author":2614,"featured_media":0,"comment_status":"open","ping_status":"open","sticky":false,"template":"","format":"standard","meta":{"footnotes":""},"categories":[280976],"tags":[],"class_list":["post-262","post","type-post","status-publish","format-standard","hentry","category-futbol"],"_links":{"self":[{"href":"https:\/\/blog.espol.edu.ec\/aleizamb\/wp-json\/wp\/v2\/posts\/262","targetHints":{"allow":["GET"]}}],"collection":[{"href":"https:\/\/blog.espol.edu.ec\/aleizamb\/wp-json\/wp\/v2\/posts"}],"about":[{"href":"https:\/\/blog.espol.edu.ec\/aleizamb\/wp-json\/wp\/v2\/types\/post"}],"author":[{"embeddable":true,"href":"https:\/\/blog.espol.edu.ec\/aleizamb\/wp-json\/wp\/v2\/users\/2614"}],"replies":[{"embeddable":true,"href":"https:\/\/blog.espol.edu.ec\/aleizamb\/wp-json\/wp\/v2\/comments?post=262"}],"version-history":[{"count":3,"href":"https:\/\/blog.espol.edu.ec\/aleizamb\/wp-json\/wp\/v2\/posts\/262\/revisions"}],"predecessor-version":[{"id":267,"href":"https:\/\/blog.espol.edu.ec\/aleizamb\/wp-json\/wp\/v2\/posts\/262\/revisions\/267"}],"wp:attachment":[{"href":"https:\/\/blog.espol.edu.ec\/aleizamb\/wp-json\/wp\/v2\/media?parent=262"}],"wp:term":[{"taxonomy":"category","embeddable":true,"href":"https:\/\/blog.espol.edu.ec\/aleizamb\/wp-json\/wp\/v2\/categories?post=262"},{"taxonomy":"post_tag","embeddable":true,"href":"https:\/\/blog.espol.edu.ec\/aleizamb\/wp-json\/wp\/v2\/tags?post=262"}],"curies":[{"name":"wp","href":"https:\/\/api.w.org\/{rel}","templated":true}]}}