{"id":277,"date":"2011-04-06T22:03:29","date_gmt":"2011-04-07T02:03:29","guid":{"rendered":"http:\/\/blog.espol.edu.ec\/aleizamb\/?p=277"},"modified":"2011-04-06T22:05:46","modified_gmt":"2011-04-07T02:05:46","slug":"277","status":"publish","type":"post","link":"https:\/\/blog.espol.edu.ec\/aleizamb\/2011\/04\/06\/277\/","title":{"rendered":"Messi no quiere a Espa\u00f1a en Copa America"},"content":{"rendered":"<p><a href=\"http:\/\/blog.espol.edu.ec\/aleizamb\/files\/2011\/04\/messi10.jpg\"><img loading=\"lazy\" decoding=\"async\" src=\"http:\/\/blog.espol.edu.ec\/aleizamb\/files\/2011\/04\/messi10-244x300.jpg\" alt=\"\" title=\"Argentina Venezuela WCup Soccer\" width=\"244\" height=\"300\" class=\"aligncenter size-medium wp-image-276\" srcset=\"https:\/\/blog.espol.edu.ec\/aleizamb\/files\/2011\/04\/messi10-244x300.jpg 244w, https:\/\/blog.espol.edu.ec\/aleizamb\/files\/2011\/04\/messi10.jpg 610w\" sizes=\"auto, (max-width: 244px) 100vw, 244px\" \/><\/a><br \/>\nLa estrella del Barcelona y de la selecci\u00f3n argentina asegur\u00f3 estar sorprendido ante la posibilidad de que el combinado nacional espa\u00f1ol juegue como invitado en la pr\u00f3xima edici\u00f3n de la Copa Am\u00e9rica, que se jugar\u00e1 del 1\u00ba al 24 de julio en la Argentina.<\/p>\n<p>La participaci\u00f3n ib\u00e9rica se producir\u00eda por la negativa de Jap\u00f3n, debido a los problemas organizativos que sufre el pa\u00eds nip\u00f3n luego del terremoto y posterior tsunami que arras\u00f3 su costa noreste el 11 de marzo pasado.<\/p>\n<p>\"Me sorprende que se invite a Espa\u00f1a para la Copa Am\u00e9rica, porque personalmente creo que no tiene nada que ver. Aunque igual no decido yo ni ning\u00fan futbolista, no es cosa m\u00eda\", afirm\u00f3 La Pulga en una rueda de prensa previa al partido de este mi\u00e9rcoles por la ida de los cuartos de final de la Champions League, entre el Barcelona y el Shakhtar Donetsk ucraniano.<\/p>\n<p>El delantero azulgrana respondi\u00f3 as\u00ed al anuncio realizado el martes pasado por el presidente de la Real Federaci\u00f3n Espa\u00f1ola de F\u00fatbol (RFEF), \u00c1ngel Mar\u00eda Villar, sobre la posibilidad de disputar el certamen tras haber recibido la invitaci\u00f3n de la Confederaci\u00f3n Sudamericana de F\u00fatbol. La decisi\u00f3n final se tomar\u00e1 durante la pr\u00f3xima reuni\u00f3n de la Junta Directiva de la RFEF.<\/p>\n<p>Sin embargo, el comit\u00e9 organizador del campeonato le ofreci\u00f3 un plazo de 10 d\u00edas a la Federaci\u00f3n Japonesa para que revea su decisi\u00f3n de bajarse del certamen. Algo que, de concretarse, acabar\u00eda autom\u00e1ticamente con las chances de Espa\u00f1a, Costa Rica o los Estados Unidos para ser su reemplazante.<\/p>\n","protected":false},"excerpt":{"rendered":"<p>La estrella del Barcelona y de la selecci\u00f3n argentina asegur\u00f3 estar sorprendido ante la posibilidad de que el combinado nacional espa\u00f1ol juegue como invitado en la pr\u00f3xima edici\u00f3n de la Copa Am\u00e9rica, que se jugar\u00e1 del 1\u00ba al 24 de julio en la Argentina. La participaci\u00f3n ib\u00e9rica se producir\u00eda por la negativa de Jap\u00f3n, debido [&hellip;]<\/p>\n","protected":false},"author":2614,"featured_media":0,"comment_status":"open","ping_status":"open","sticky":false,"template":"","format":"standard","meta":{"footnotes":""},"categories":[280976],"tags":[],"class_list":["post-277","post","type-post","status-publish","format-standard","hentry","category-futbol"],"_links":{"self":[{"href":"https:\/\/blog.espol.edu.ec\/aleizamb\/wp-json\/wp\/v2\/posts\/277","targetHints":{"allow":["GET"]}}],"collection":[{"href":"https:\/\/blog.espol.edu.ec\/aleizamb\/wp-json\/wp\/v2\/posts"}],"about":[{"href":"https:\/\/blog.espol.edu.ec\/aleizamb\/wp-json\/wp\/v2\/types\/post"}],"author":[{"embeddable":true,"href":"https:\/\/blog.espol.edu.ec\/aleizamb\/wp-json\/wp\/v2\/users\/2614"}],"replies":[{"embeddable":true,"href":"https:\/\/blog.espol.edu.ec\/aleizamb\/wp-json\/wp\/v2\/comments?post=277"}],"version-history":[{"count":5,"href":"https:\/\/blog.espol.edu.ec\/aleizamb\/wp-json\/wp\/v2\/posts\/277\/revisions"}],"predecessor-version":[{"id":282,"href":"https:\/\/blog.espol.edu.ec\/aleizamb\/wp-json\/wp\/v2\/posts\/277\/revisions\/282"}],"wp:attachment":[{"href":"https:\/\/blog.espol.edu.ec\/aleizamb\/wp-json\/wp\/v2\/media?parent=277"}],"wp:term":[{"taxonomy":"category","embeddable":true,"href":"https:\/\/blog.espol.edu.ec\/aleizamb\/wp-json\/wp\/v2\/categories?post=277"},{"taxonomy":"post_tag","embeddable":true,"href":"https:\/\/blog.espol.edu.ec\/aleizamb\/wp-json\/wp\/v2\/tags?post=277"}],"curies":[{"name":"wp","href":"https:\/\/api.w.org\/{rel}","templated":true}]}}