{"id":288,"date":"2011-04-12T18:24:42","date_gmt":"2011-04-12T22:24:42","guid":{"rendered":"http:\/\/blog.espol.edu.ec\/aleizamb\/?p=288"},"modified":"2011-04-22T14:02:21","modified_gmt":"2011-04-22T18:02:21","slug":"valencia-es-elogiado-por-vidic","status":"publish","type":"post","link":"https:\/\/blog.espol.edu.ec\/aleizamb\/2011\/04\/12\/valencia-es-elogiado-por-vidic\/","title":{"rendered":"Valencia es elogiado por Vidic"},"content":{"rendered":"<p><a href=\"http:\/\/blog.espol.edu.ec\/aleizamb\/files\/2011\/04\/tumblr_lhrzivkjqb1qbzfzso1_500.jpg\"><img loading=\"lazy\" decoding=\"async\" src=\"http:\/\/blog.espol.edu.ec\/aleizamb\/files\/2011\/04\/tumblr_lhrzivkjqb1qbzfzso1_500-300x225.jpg\" alt=\"\" title=\"tumblr_lhrzivkjqb1qbzfzso1_500\" width=\"300\" height=\"225\" class=\"aligncenter size-medium wp-image-289\" srcset=\"https:\/\/blog.espol.edu.ec\/aleizamb\/files\/2011\/04\/tumblr_lhrzivkjqb1qbzfzso1_500-300x225.jpg 300w, https:\/\/blog.espol.edu.ec\/aleizamb\/files\/2011\/04\/tumblr_lhrzivkjqb1qbzfzso1_500.jpg 500w\" sizes=\"auto, (max-width: 300px) 100vw, 300px\" \/><\/a><\/p>\n<p>Nemanja Vidic est\u00e1 muy contento con el regreso de Antonio Valencia y cree que este jugador podr\u00eda desempe\u00f1ar un rol clave en la b\u00fasqueda de t\u00edtulos del United.<\/p>\n<p>Valencia se reincorpor\u00f3 recientemente al equipo tras seis meses sin jugar y ha impresionado a todos al haberlo hecho sin problemas despu\u00e9s de su larga recuperaci\u00f3n de una grave lesi\u00f3n.<br \/>\nEl ecuatoriano desempe\u00f1\u00f3 un papel estelar en el partido de ida de la Liga de Campeones de la semana pasada en Chelsea, con lo que se gan\u00f3 los elogios de Vidic, quien tiene una opini\u00f3n muy buena de \u00e9l, dentro y fuera de la cancha.<\/p>\n<p>\"Antonio es muy profesional\" le coment\u00f3 el capit\u00e1n de los Rojos a ManUtd.com. \"Es una persona a la que todos pueden admirar. Vean lo r\u00e1pido que se ha recuperado de su lesi\u00f3n, lo cual se debe a su mentalidad.<br \/>\n\"Est\u00e1 en Carrington desde la ma\u00f1ana hasta la tarde y todo lo que hace est\u00e1 encaminado a convertirlo en un mejor jugador. Es uno de los jugadores m\u00e1s importantes de nuestro equipo\".<\/p>\n<p>Vidic continu\u00f3: \"Contra el Chelsea demostr\u00f3 lo vers\u00e1til que puede ser. Todos sabemos lo bueno que es al ataque, pero, en Stamford Bridge demostr\u00f3 que tambi\u00e9n puede defender.<\/p>\n<p>\"Es fuerte, poderoso, r\u00e1pido, valiente... todos la cualidades que se necesitan para jugar en el Manchester United. A\u00fan no lo he visto jugar en la porter\u00eda, pero creo que podr\u00eda hacerlo si entrena dos o tres meses, porque \u00a1trabaja dur\u00edsimo!<\/p>\n","protected":false},"excerpt":{"rendered":"<p>Nemanja Vidic est\u00e1 muy contento con el regreso de Antonio Valencia y cree que este jugador podr\u00eda desempe\u00f1ar un rol clave en la b\u00fasqueda de t\u00edtulos del United. Valencia se reincorpor\u00f3 recientemente al equipo tras seis meses sin jugar y ha impresionado a todos al haberlo hecho sin problemas despu\u00e9s de su larga recuperaci\u00f3n de [&hellip;]<\/p>\n","protected":false},"author":2614,"featured_media":0,"comment_status":"open","ping_status":"open","sticky":false,"template":"","format":"standard","meta":{"footnotes":""},"categories":[280976],"tags":[],"class_list":["post-288","post","type-post","status-publish","format-standard","hentry","category-futbol"],"_links":{"self":[{"href":"https:\/\/blog.espol.edu.ec\/aleizamb\/wp-json\/wp\/v2\/posts\/288","targetHints":{"allow":["GET"]}}],"collection":[{"href":"https:\/\/blog.espol.edu.ec\/aleizamb\/wp-json\/wp\/v2\/posts"}],"about":[{"href":"https:\/\/blog.espol.edu.ec\/aleizamb\/wp-json\/wp\/v2\/types\/post"}],"author":[{"embeddable":true,"href":"https:\/\/blog.espol.edu.ec\/aleizamb\/wp-json\/wp\/v2\/users\/2614"}],"replies":[{"embeddable":true,"href":"https:\/\/blog.espol.edu.ec\/aleizamb\/wp-json\/wp\/v2\/comments?post=288"}],"version-history":[{"count":3,"href":"https:\/\/blog.espol.edu.ec\/aleizamb\/wp-json\/wp\/v2\/posts\/288\/revisions"}],"predecessor-version":[{"id":306,"href":"https:\/\/blog.espol.edu.ec\/aleizamb\/wp-json\/wp\/v2\/posts\/288\/revisions\/306"}],"wp:attachment":[{"href":"https:\/\/blog.espol.edu.ec\/aleizamb\/wp-json\/wp\/v2\/media?parent=288"}],"wp:term":[{"taxonomy":"category","embeddable":true,"href":"https:\/\/blog.espol.edu.ec\/aleizamb\/wp-json\/wp\/v2\/categories?post=288"},{"taxonomy":"post_tag","embeddable":true,"href":"https:\/\/blog.espol.edu.ec\/aleizamb\/wp-json\/wp\/v2\/tags?post=288"}],"curies":[{"name":"wp","href":"https:\/\/api.w.org\/{rel}","templated":true}]}}