{"id":375,"date":"2011-06-08T21:03:44","date_gmt":"2011-06-09T01:03:44","guid":{"rendered":"http:\/\/blog.espol.edu.ec\/aleizamb\/?p=375"},"modified":"2011-06-08T21:06:44","modified_gmt":"2011-06-09T01:06:44","slug":"ecuatoriano-joel-valencia-a-un-paso-de-vincularse-a-las-formativas-del-fc-barcelona","status":"publish","type":"post","link":"https:\/\/blog.espol.edu.ec\/aleizamb\/2011\/06\/08\/ecuatoriano-joel-valencia-a-un-paso-de-vincularse-a-las-formativas-del-fc-barcelona\/","title":{"rendered":"Ecuatoriano Joel Valencia a un paso de vincularse a las formativas del FC Barcelona"},"content":{"rendered":"<p><a href=\"http:\/\/blog.espol.edu.ec\/aleizamb\/files\/2011\/06\/images.jpg\"><img loading=\"lazy\" decoding=\"async\" src=\"http:\/\/blog.espol.edu.ec\/aleizamb\/files\/2011\/06\/images.jpg\" alt=\"\" title=\"images\" width=\"297\" height=\"170\" class=\"aligncenter size-full wp-image-374\" \/><\/a><br \/>\nLa perla de la Ciudad Deportiva se marchar\u00e1 a La Mas\u00eda. El club azulgrana abonar\u00e1 300.000 euros ($ 441.000) y ceder\u00e1 varios jugadores.<\/p>\n<p>La perla de la Ciudad Deportiva del Real Zaragoza est\u00e1 a punto de incorporarse a la joyer\u00eda de La Mas\u00eda. El ecuatoriano Joel Valencia, de 17 a\u00f1os, le ha dicho s\u00ed al Bar\u00e7a, club con el que ya ha llegado a un acuerdo, seg\u00fan confirmaron este martes a Diario Heraldo fuentes de la entidad azulgrana. El joven centrocampista firmar\u00e1 un contrato por tres a\u00f1os con el club catal\u00e1n, con distintas variables en funci\u00f3n de la progresi\u00f3n del futbolista. Solo resta que el Barcelona llegue a un acuerdo con el Real Zaragoza. El club aragon\u00e9s recibir\u00e1 una indemnizaci\u00f3n econ\u00f3mica compensatoria. Adem\u00e1s, pueden llegar varios jugadores cedidos al primer equipo.<\/p>\n<p>C\u00e9sar Joel Valencia Castillo aterriz\u00f3 a Zaragoza en 2002 en busca de un mundo mejor. En Quinind\u00e9, cant\u00f3n (municipio) de la provincia ecutoriana de Esmeraldas, quedaron sus tres hermanitos. Joel, nacido el 16 de noviembre de 1994, comenz\u00f3 a jugar al f\u00fatbol en el barrio Oliver en las filas del Escalerillas, uno de los clubes m\u00e1s castizos de la capital aragonesa. Desde su primer contacto con la pelota, comenz\u00f3 a destacar. En edad benjam\u00edn lo fich\u00f3 el Stadium Casablanca. En alevines, Mariano Ayneto lo firm\u00f3 para el Amistad. Su salto a la Ciudad Deportiva estaca cantado. Se incorpor\u00f3 al Real Zaragoza con 11 a\u00f1os para ingresar en los infantiles. La actual es su quinta campa\u00f1a en el primer club aragon\u00e9s.<\/p>\n<p>En el Real Zaragoza siempre desempe\u00f1\u00f3 un rol dominante. \u00abMe alegro un mont\u00f3n por \u00e9l. Se lo ha currado m\u00e1s que nadie\u00bb, confes\u00f3 Rafa Latapia, ex entrenador del Zaragoza infantil. \u00abEs el jugador m\u00e1s competitivo que he entrenado jam\u00e1s. Tiene calidad para jugar en el centro del campo. Es polivalente. Adem\u00e1s, sin tener un f\u00edsico privilegiado, tiene condiciones para jugar arriba\u00bb, explic\u00f3 Rafa Latapia.<\/p>\n<p>Tricolor Sub 17<br \/>\nEl DT de la Tricolor Sub 17, Javier Rodr\u00edguez, cit\u00f3 al mediocampista Joel Valencia para jugar el Mundial de M\u00e9xico 2011 que arranca el pr\u00f3ximo 18 de junio.<\/p>\n<p>Ecuador forma parte del Grupo E, junto a Alemania, Panam\u00e1 y Burkina Faso.<\/p>\n","protected":false},"excerpt":{"rendered":"<p>La perla de la Ciudad Deportiva se marchar\u00e1 a La Mas\u00eda. El club azulgrana abonar\u00e1 300.000 euros ($ 441.000) y ceder\u00e1 varios jugadores. La perla de la Ciudad Deportiva del Real Zaragoza est\u00e1 a punto de incorporarse a la joyer\u00eda de La Mas\u00eda. El ecuatoriano Joel Valencia, de 17 a\u00f1os, le ha dicho s\u00ed al [&hellip;]<\/p>\n","protected":false},"author":2614,"featured_media":0,"comment_status":"open","ping_status":"open","sticky":false,"template":"","format":"standard","meta":{"footnotes":""},"categories":[280976],"tags":[],"class_list":["post-375","post","type-post","status-publish","format-standard","hentry","category-futbol"],"_links":{"self":[{"href":"https:\/\/blog.espol.edu.ec\/aleizamb\/wp-json\/wp\/v2\/posts\/375","targetHints":{"allow":["GET"]}}],"collection":[{"href":"https:\/\/blog.espol.edu.ec\/aleizamb\/wp-json\/wp\/v2\/posts"}],"about":[{"href":"https:\/\/blog.espol.edu.ec\/aleizamb\/wp-json\/wp\/v2\/types\/post"}],"author":[{"embeddable":true,"href":"https:\/\/blog.espol.edu.ec\/aleizamb\/wp-json\/wp\/v2\/users\/2614"}],"replies":[{"embeddable":true,"href":"https:\/\/blog.espol.edu.ec\/aleizamb\/wp-json\/wp\/v2\/comments?post=375"}],"version-history":[{"count":4,"href":"https:\/\/blog.espol.edu.ec\/aleizamb\/wp-json\/wp\/v2\/posts\/375\/revisions"}],"predecessor-version":[{"id":379,"href":"https:\/\/blog.espol.edu.ec\/aleizamb\/wp-json\/wp\/v2\/posts\/375\/revisions\/379"}],"wp:attachment":[{"href":"https:\/\/blog.espol.edu.ec\/aleizamb\/wp-json\/wp\/v2\/media?parent=375"}],"wp:term":[{"taxonomy":"category","embeddable":true,"href":"https:\/\/blog.espol.edu.ec\/aleizamb\/wp-json\/wp\/v2\/categories?post=375"},{"taxonomy":"post_tag","embeddable":true,"href":"https:\/\/blog.espol.edu.ec\/aleizamb\/wp-json\/wp\/v2\/tags?post=375"}],"curies":[{"name":"wp","href":"https:\/\/api.w.org\/{rel}","templated":true}]}}