{"id":429,"date":"2011-07-26T21:28:05","date_gmt":"2011-07-27T01:28:05","guid":{"rendered":"http:\/\/blog.espol.edu.ec\/aleizamb\/?p=429"},"modified":"2011-07-26T21:28:35","modified_gmt":"2011-07-27T01:28:35","slug":"se-fue-uno-de-los-mas-grandes-exponente-de-la-salsa-joe-arroyo","status":"publish","type":"post","link":"https:\/\/blog.espol.edu.ec\/aleizamb\/2011\/07\/26\/se-fue-uno-de-los-mas-grandes-exponente-de-la-salsa-joe-arroyo\/","title":{"rendered":"Se fue uno de los mas grandes exponente de la salsa, JOE ARROYO"},"content":{"rendered":"<p><object style=\"height: 390px;width: 640px\"><param name=\"movie\" value=\"http:\/\/www.youtube.com\/v\/F_QtGJu0eJM?version=3\"><param name=\"allowFullScreen\" value=\"true\"><param name=\"allowScriptAccess\" value=\"always\"><embed src=\"http:\/\/www.youtube.com\/v\/F_QtGJu0eJM?version=3\" type=\"application\/x-shockwave-flash\" allowfullscreen=\"true\" allowScriptAccess=\"always\" width=\"640\" height=\"390\"><\/object><\/p>\n<p>\u00c1lvaro Jos\u00e9 Arroyo Gonz\u00e1lez, (Cartagena de Indias, 1\u00b0 de noviembre de 1955 - Barranquilla, 26 de julio de 2011), m\u00e1s conocido como Joe Arroyo, fue un cantante y compositor colombiano, considerado como uno de los m\u00e1s grandes int\u00e9rpretes de la m\u00fasica caribe\u00f1a de su pa\u00eds.<br \/>\nPrimeros a\u00f1os<br \/>\nNacido y criado en el barrio Nari\u00f1o de Cartagena, Arroyo comenz\u00f3 su carrera a muy temprana edad, cuando desde los ocho a\u00f1os cantaba en bares de mala muerte de Tesca, zona de tolerancia de su ciudad natal. En sus inicios cant\u00f3 con agrupaciones como la de Manuel Villanueva y su Orquesta y el Super Combo Los Diamantes, ambas en 1970, y en 1971 grab\u00f3 con La Protesta.1<\/p>\n<p>Consagraci\u00f3n<br \/>\nEn 1973 tiene su gran oportunidad cuando firma para Discos Fuentes y es reclutado por Julio Ernesto Estrada, el bajista, cantante, compositor y productor de Fruko y sus Tesos, orquesta con la que alcanz\u00f3 gran fama y con la que grab\u00f3 hasta 1981.2 3 Entre 1974 y 1975 actu\u00f3 con Los L\u00edderes (Los barcos en la bah\u00eda), entre 1976 y 1981 con The Latin Brothers (La guarapera), en 1976 con Los Bestiales, en 1978 con Pacho Gal\u00e1n (Volvi\u00f3 Juanita) y con La Sonora Guantanamera, y en 1980 con Los Titanes.4 Tambi\u00e9n hizo coros en otros grupos como Piano Negro, Afro Son, Los Rivales, Los Bestiales, Wanda Kenya, los Hermanos Zuleta, el Binomio de Oro, Juan Pi\u00f1a, Mario Gare\u00f1a, Gabriel \"Rumba\" Romero, Claudia Osuna, Claudia de Colombia, Oscar Golden, Yolandita y los Carrangueros, entre otros.1<br \/>\nEn 1981 fund\u00f3 su propia orquesta, La Verdad, con la que se dedic\u00f3 a mezclar diversas influencias musicales, fundamentalmente la salsa con la m\u00fasica coste\u00f1a (cumbia, porro, chand\u00e9, entre otros) y con diversos ritmos del Caribe (socca, reggae) hasta crear su propio ritmo, el \"joes\u00f3n\". Algunos de los \u00e9xitos grabados con La verdad son cl\u00e1sicos de la m\u00fasica coste\u00f1a que le valieron muchos premios y ser considerado el Rey del Carnaval deBarranquilla.<br \/>\nUno de sus mayores \u00e9xitos fue \"Rebeli\u00f3n\" (1986), canci\u00f3n que narra la historia de un matrimonio africano, esclavos de un espa\u00f1ol, en la Cartagena de Indias del siglo XVII. El solo de piano, ejecutado por Chelito De Castro, y los soneos de Arroyo hicieron de \"Rebeli\u00f3n\" un \u00e9xito inmediato que a\u00fan se baila en las fiestas y discotecas del continente. En M\u00e9xico sucede el mismo fen\u00f3meno desde que se public\u00f3 por primera vez el tema en el LP \"Tequendama de Oro Volumen 7\" de Discos Peerless en 1987 y su LP \"Joe Arroyo y su Orquesta La Verdad, Grandes \u00e9xitos\", a\u00fan a la fecha el tema es muy popular en el movimiento sonidero.<br \/>\nOtras de las canciones m\u00e1s exitosas de Joe Arroyo fueron \"El Caminante\", \"Confundido\", \"Tania\" (dedicada a su hija) y \"El Ausente\", todas grabadas con Fruko.<br \/>\nEl \u00e1lbum \"Fuego en mi mente\" (1988) contiene canciones con influencias de la m\u00fasica africana y de la salsa contempor\u00e1nea. Con \"La guerra de los callados\" (1990), realiz\u00f3 su primera gira espa\u00f1ola. En 1993 edit\u00f3 \"Fuego\" y volvi\u00f3 a tocar en Espa\u00f1a.<br \/>\nJoe Arroyo grab\u00f3 con las casas disqueras Discos Tropical (1970-1971), Discos Fuentes (1973-1990) y Discos Sony (1991-2002). Luego de una temporada de 11 a\u00f1os en Discos Sony, regres\u00f3 a Discos Fuentes de Medell\u00edn en 2003, donde grab\u00f3 sus \u00faltimos trabajos: Se arm\u00f3 la mo\u00f1a en carnaval (2004), Mosaico de trabalenguas (2006) y El Super Joe (2007).<br \/>\nJoe Arroyo es uno de los cinco colombianos que han aparecido en la portada de la revista Rolling Stone.<\/p>\n<p>Problemas de salud y muerte<br \/>\nDesde principios de los a\u00f1os 80, Joe Arroyo sufri\u00f3 m\u00faltiples quebrantos de salud que le impidieron realizar giras de conciertos y por los cuales varias veces fue dado por muerto. El 7 de septiembre de 1983 fue dado por muerto tras sufrir una tiroides retrospectiva que lo mantuvo alejado de los escenarios.2 3 En 2000, estuvo a punto de morir en Barcelona a causa de un coma diab\u00e9tico y una neumon\u00eda.<br \/>\nSu historia m\u00e9dica registr\u00f3 una isquemia, problemas renales, motrices y dificultad para cantar. Incluso en algunos conciertos debi\u00f3 ser ayudado a subir a la tarima debido a estados de debilidad y desorientaci\u00f3n.<br \/>\nLa salud del cantante cartagenero se vio afectada el 26 de abril de 2011 y permaneci\u00f3 internado desde fines de junio de 2011 en la cl\u00ednica La Asunci\u00f3n de Barranquilla en cuidados intensivos por un cuadro cl\u00ednico de crisis hipertensiva, cardiopat\u00eda isqu\u00e9mica y diabetes mellitus con descompensaci\u00f3n simple. Estuvo conectado a un respirador artificial, se le practic\u00f3 di\u00e1lisis y se le realiz\u00f3 una traqueotom\u00eda. Su estado dio lugar a que en las redes sociales lo dieran por muerto, lo cual era desmentido tanto por sus familiares como por la instituci\u00f3n hospitalaria. Todo lo anterior se desarroll\u00f3 en medio de una pol\u00e9mica entre la familia anterior del cantante (su exesposa Mary Luz Alonso y sus hijas) y sus amigos, que consideraban que Joe estaba siendo explotado por su esposa Jacqueline Ram\u00f3n y por su representante musical, quienes manifiestaban que Joe Arroyo no padec\u00eda quebrantos importantes de salud y anunciaban su pronto regreso a los escenarios.<br \/>\nMuri\u00f3 el 26 de julio de 2011, a las 7:45 am hora Colombia, en la cl\u00ednica La Asunci\u00f3n de Barranquilla a causa de un paro cardiorrespiratorio, producto de una falla multiorg\u00e1nica (tensi\u00f3n alta, infecciones, problemas renales) que lo hab\u00eda mantenido en cuidados intensivos desde el lunes 27 de junio del mismo a\u00f1o.<\/p>\n","protected":false},"excerpt":{"rendered":"<p>\u00c1lvaro Jos\u00e9 Arroyo Gonz\u00e1lez, (Cartagena de Indias, 1\u00b0 de noviembre de 1955 - Barranquilla, 26 de julio de 2011), m\u00e1s conocido como Joe Arroyo, fue un cantante y compositor colombiano, considerado como uno de los m\u00e1s grandes int\u00e9rpretes de la m\u00fasica caribe\u00f1a de su pa\u00eds. Primeros a\u00f1os Nacido y criado en el barrio Nari\u00f1o de [&hellip;]<\/p>\n","protected":false},"author":2614,"featured_media":0,"comment_status":"open","ping_status":"open","sticky":false,"template":"","format":"standard","meta":{"footnotes":""},"categories":[280977],"tags":[],"class_list":["post-429","post","type-post","status-publish","format-standard","hentry","category-salsa"],"_links":{"self":[{"href":"https:\/\/blog.espol.edu.ec\/aleizamb\/wp-json\/wp\/v2\/posts\/429","targetHints":{"allow":["GET"]}}],"collection":[{"href":"https:\/\/blog.espol.edu.ec\/aleizamb\/wp-json\/wp\/v2\/posts"}],"about":[{"href":"https:\/\/blog.espol.edu.ec\/aleizamb\/wp-json\/wp\/v2\/types\/post"}],"author":[{"embeddable":true,"href":"https:\/\/blog.espol.edu.ec\/aleizamb\/wp-json\/wp\/v2\/users\/2614"}],"replies":[{"embeddable":true,"href":"https:\/\/blog.espol.edu.ec\/aleizamb\/wp-json\/wp\/v2\/comments?post=429"}],"version-history":[{"count":2,"href":"https:\/\/blog.espol.edu.ec\/aleizamb\/wp-json\/wp\/v2\/posts\/429\/revisions"}],"predecessor-version":[{"id":431,"href":"https:\/\/blog.espol.edu.ec\/aleizamb\/wp-json\/wp\/v2\/posts\/429\/revisions\/431"}],"wp:attachment":[{"href":"https:\/\/blog.espol.edu.ec\/aleizamb\/wp-json\/wp\/v2\/media?parent=429"}],"wp:term":[{"taxonomy":"category","embeddable":true,"href":"https:\/\/blog.espol.edu.ec\/aleizamb\/wp-json\/wp\/v2\/categories?post=429"},{"taxonomy":"post_tag","embeddable":true,"href":"https:\/\/blog.espol.edu.ec\/aleizamb\/wp-json\/wp\/v2\/tags?post=429"}],"curies":[{"name":"wp","href":"https:\/\/api.w.org\/{rel}","templated":true}]}}