{"id":4702,"date":"2020-01-29T08:38:10","date_gmt":"2020-01-29T13:38:10","guid":{"rendered":"http:\/\/blog.espol.edu.ec\/matg1013\/?p=4702"},"modified":"2025-12-13T03:57:27","modified_gmt":"2025-12-13T08:57:27","slug":"2eva2019tii_t1-canteras-y-urbanizaciones","status":"publish","type":"post","link":"https:\/\/blog.espol.edu.ec\/algoritmos101\/mn-2eva20\/2eva2019tii_t1-canteras-y-urbanizaciones\/","title":{"rendered":"2Eva2019TII_T1 Canteras y urbanizaciones"},"content":{"rendered":"\n<h2 class=\"wp-block-heading\">2da Evaluaci\u00f3n II T\u00e9rmino 2019-2020. 28\/Enero\/2020. MATG1013<\/h2>\n\n\n\n<p><strong>Tema 1<\/strong>. (20 Puntos) En el conflicto presentado entre las urbanizaciones y canteras en v\u00eda a la costa, se menciona que se ha afectado al ecosistema al disminuir la vegetaci\u00f3n en la zona.<\/p>\n\n\n\n<p>Una forma de observar el cambio en la zona es medir el \u00e1rea ocupada por cada actor.<\/p>\n\n\n\n<figure class=\"wp-block-image size-full\"><img loading=\"lazy\" decoding=\"async\" width=\"829\" height=\"488\" src=\"http:\/\/blog.espol.edu.ec\/algoritmos101\/files\/2020\/01\/CanteraUrbaniza01.jpg\" alt=\"Cantera Urbaniza vista sat\u00e9lite\" class=\"wp-image-17463\" \/><\/figure>\n\n\n\n<p>Para la observaci\u00f3n considere que la superficie ocupada por las urbanizaciones y canteras se describe con los siguientes datos de frontera:<\/p>\n\n\n\n<figure class=\"wp-block-image size-full\"><img loading=\"lazy\" decoding=\"async\" width=\"549\" height=\"394\" src=\"http:\/\/blog.espol.edu.ec\/algoritmos101\/files\/2020\/01\/CanteraUrbaniza02.png\" alt=\"Cantera Urbaniza gr\u00e1fica\" class=\"wp-image-17465\" \/><\/figure>\n\n\n\n<p><strong>Canteras<\/strong>- frontera superior<\/p>\n\n\n\n<figure class=\"wp-block-table\"><table><tbody><tr><td>xi<\/td><td>55<\/td><td>85<\/td><td>195<\/td><td>305<\/td><td>390<\/td><td>780<\/td><td>1170<\/td><\/tr><tr><td>f(xi)<\/td><td>752<\/td><td>825<\/td><td>886<\/td><td>1130<\/td><td>1086<\/td><td>1391<\/td><td>1219<\/td><\/tr><\/tbody><\/table><\/figure>\n\n\n\n<p><strong>Canteras<\/strong>- frontera inferior<\/p>\n\n\n\n<figure class=\"wp-block-table\"><table><tbody><tr><td>xi<\/td><td>55<\/td><td>...<\/td><td>705<\/td><td>705<\/td><td>850<\/td><td>850<\/td><td>1010<\/td><td>1170<\/td><\/tr><tr><td>f(xi)<\/td><td>260<\/td><td>...<\/td><td>260<\/td><td>550<\/td><td>741<\/td><td>855<\/td><td>855<\/td><td>1055<\/td><\/tr><\/tbody><\/table><\/figure>\n\n\n\n<p><strong>Urbanizaci\u00f3n<\/strong> - frontera superior<\/p>\n\n\n\n<figure class=\"wp-block-table\"><table><tbody><tr><td>xi<\/td><td>720<\/td><td>800<\/td><td>890<\/td><td>890<\/td><td>1170<\/td><td>1220<\/td><\/tr><tr><td>g(xi)<\/td><td>527<\/td><td>630<\/td><td>630<\/td><td>760<\/td><td>760<\/td><td>533<\/td><\/tr><\/tbody><\/table><\/figure>\n\n\n\n<p><strong>Urbanizaci\u00f3n <\/strong>- frontera inferior<\/p>\n\n\n\n<figure class=\"wp-block-table\"><table><tbody><tr><td>xi<\/td><td>720<\/td><td>...<\/td><td>1220<\/td><\/tr><tr><td>g(xi)<\/td><td>0<\/td><td>...<\/td><td>0<\/td><\/tr><\/tbody><\/table><\/figure>\n\n\n\n<p><em><strong>Nota<\/strong><\/em>: Observe que los tama\u00f1os de paso no son todos regulares<\/p>\n\n\n\n<p>Usando el m\u00e9todo del trapecio, determine:<\/p>\n\n\n\n<p>a) El \u00e1rea de operaci\u00f3n de la cantera<\/p>\n\n\n\n<p>b) El \u00e1rea ocupada por la urbanizaci\u00f3n<\/p>\n\n\n\n<p>c) \u00bfSe puede mejorar la precisi\u00f3n del c\u00e1lculo de las \u00e1reas, sin quitar o aumentar datos? Justifique su respuesta e indique c\u00f3mo y d\u00f3nde.<\/p>\n\n\n\n<p><strong>R\u00fabrica<\/strong>: literal a (5 puntos), literal b(5 puntos), literal c: c\u00f3mo (5 puntos), d\u00f3nde(5 puntos)<\/p>\n\n\n\n<p><strong>Referencia<\/strong>: [1] Google Maps Enero 2019.<\/p>\n\n\n\n<p>[2] Dos bosques cercados por el crecimiento de Guayaquil. 27- Julio-2014.<br><a href=\"https:\/\/www.eluniverso.com\/noticias\/2014\/07\/27\/nota\/3282036\/dos-bosques-cercados-urbe-que-crece\">https:\/\/www.eluniverso.com\/noticias\/2014\/07\/27\/nota\/3282036\/dos-bosques-cercados-urbe-que-crece<\/a><\/p>\n\n\n\n<p>[3] La remediaci\u00f3n ambiental en v\u00eda a la costa tomar\u00e1 giro legal. 02-Enero-2020.<br><a href=\"https:\/\/www.expreso.ec\/guayaquil\/remediacion-ambiental-via-costa-tomara-giro-legal-2518.html\">https:\/\/www.expreso.ec\/guayaquil\/remediacion-ambiental-via-costa-tomara-giro-legal-2518.html<\/a><\/p>\n","protected":false},"excerpt":{"rendered":"<p>2da Evaluaci\u00f3n II T\u00e9rmino 2019-2020. 28\/Enero\/2020. MATG1013 Tema 1. (20 Puntos) En el conflicto presentado entre las urbanizaciones y canteras en v\u00eda a la costa, se menciona que se ha afectado al ecosistema al disminuir la vegetaci\u00f3n en la zona. Una forma de observar el cambio en la zona es medir el \u00e1rea ocupada por [&hellip;]<\/p>\n","protected":false},"author":8043,"featured_media":0,"comment_status":"closed","ping_status":"open","sticky":false,"template":"wp-custom-template-entrada-mn","format":"standard","meta":{"footnotes":""},"categories":[20],"tags":[59],"class_list":["post-4702","post","type-post","status-publish","format-standard","hentry","category-mn-2eva20","tag-integracion-numerica"],"_links":{"self":[{"href":"https:\/\/blog.espol.edu.ec\/algoritmos101\/wp-json\/wp\/v2\/posts\/4702","targetHints":{"allow":["GET"]}}],"collection":[{"href":"https:\/\/blog.espol.edu.ec\/algoritmos101\/wp-json\/wp\/v2\/posts"}],"about":[{"href":"https:\/\/blog.espol.edu.ec\/algoritmos101\/wp-json\/wp\/v2\/types\/post"}],"author":[{"embeddable":true,"href":"https:\/\/blog.espol.edu.ec\/algoritmos101\/wp-json\/wp\/v2\/users\/8043"}],"replies":[{"embeddable":true,"href":"https:\/\/blog.espol.edu.ec\/algoritmos101\/wp-json\/wp\/v2\/comments?post=4702"}],"version-history":[{"count":5,"href":"https:\/\/blog.espol.edu.ec\/algoritmos101\/wp-json\/wp\/v2\/posts\/4702\/revisions"}],"predecessor-version":[{"id":17467,"href":"https:\/\/blog.espol.edu.ec\/algoritmos101\/wp-json\/wp\/v2\/posts\/4702\/revisions\/17467"}],"wp:attachment":[{"href":"https:\/\/blog.espol.edu.ec\/algoritmos101\/wp-json\/wp\/v2\/media?parent=4702"}],"wp:term":[{"taxonomy":"category","embeddable":true,"href":"https:\/\/blog.espol.edu.ec\/algoritmos101\/wp-json\/wp\/v2\/categories?post=4702"},{"taxonomy":"post_tag","embeddable":true,"href":"https:\/\/blog.espol.edu.ec\/algoritmos101\/wp-json\/wp\/v2\/tags?post=4702"}],"curies":[{"name":"wp","href":"https:\/\/api.w.org\/{rel}","templated":true}]}}