{"id":23,"date":"2009-01-16T13:29:56","date_gmt":"2009-01-16T18:29:56","guid":{"rendered":"http:\/\/blog.espol.edu.ec\/alimentarte\/?p=23"},"modified":"2010-05-20T17:55:22","modified_gmt":"2010-05-20T22:55:22","slug":"carlo-petrini-conferencia-espol","status":"publish","type":"post","link":"https:\/\/blog.espol.edu.ec\/alimentarte\/archives\/23","title":{"rendered":"Carlo Petrini - Conferencia ESPOL"},"content":{"rendered":"<div id=\"attachment_25\" style=\"width: 310px\" class=\"wp-caption aligncenter\"><a href=\"http:\/\/blog.espol.edu.ec\/alimentarte\/files\/2009\/01\/dsc09195.jpg\"><img loading=\"lazy\" decoding=\"async\" aria-describedby=\"caption-attachment-25\" class=\"size-medium wp-image-25\" src=\"http:\/\/blog.espol.edu.ec\/alimentarte\/files\/2009\/01\/dsc09195-300x200.jpg\" alt=\"Cobnferencxia Magistral en el auditorio de la ESPOL\" width=\"300\" height=\"200\" \/><\/a><p id=\"caption-attachment-25\" class=\"wp-caption-text\">Conferencia Magistral en el auditorio de la ESPOL<\/p><\/div>\n<p class=\"MsoNormal\" style=\"margin: 0cm 0cm 0pt;text-align: justify\"><span>El d\u00eda 10 de enero de 2008 el Sr Petrini nos honr\u00f3 con su presencia en la ESPOL para dictar una\u00a0Conferencia Magistral, donde se cont\u00f3 con la asistencia de directivos, profesores y estudiantes a este magno evento. Los asistentes del evento quedaron fascinados por la filosof\u00eda BUENO, LIMPIO y JUSTO.<\/span><\/p>\n<p style=\"text-align: center\"><a href=\"http:\/\/blog.espol.edu.ec\/alimentarte\/files\/2009\/01\/dsc09180.jpg\"><img loading=\"lazy\" decoding=\"async\" class=\"size-thumbnail wp-image-26 aligncenter\" src=\"http:\/\/blog.espol.edu.ec\/alimentarte\/files\/2009\/01\/dsc09180-150x150.jpg\" alt=\"\" width=\"276\" height=\"237\" \/><\/a><\/p>\n<p class=\"MsoNoSpacing\" style=\"margin: 0cm 0cm 0pt;text-align: justify\"><span> Carlo Petrini, ha logrado cambiar la calidad de vida de muchos hombres, entre ellos campesinos y gente pobre, ha obtenido reconocimientos como el t\u00edtulo de 'H\u00e9roe Europeo', en el 2004, entregado por la revista Time Magazine, y la nominaci\u00f3n en el 2008, como una de las 'Cincuenta personas que podr\u00edan salvar el mundo', seg\u00fan una lista redactada por el diario anglosaj\u00f3n \"The Guardian\"<\/span><\/p>\n","protected":false},"excerpt":{"rendered":"<p>El d\u00eda 10 de enero de 2008 el Sr Petrini nos honr\u00f3 con su presencia en la ESPOL para dictar una\u00a0Conferencia Magistral, donde se cont\u00f3 con la asistencia de directivos, profesores y estudiantes a este magno evento. Los asistentes del evento quedaron fascinados por la filosof\u00eda BUENO, LIMPIO y JUSTO. Carlo Petrini, ha logrado cambiar [&hellip;]<\/p>\n","protected":false},"author":3917,"featured_media":0,"comment_status":"open","ping_status":"open","sticky":false,"template":"","format":"standard","meta":{"footnotes":""},"categories":[143],"tags":[13291,13498,13499],"class_list":["post-23","post","type-post","status-publish","format-standard","hentry","category-eventos","tag-carlo-petrini","tag-conferencia-en-espol","tag-heroe-europeo"],"_links":{"self":[{"href":"https:\/\/blog.espol.edu.ec\/alimentarte\/wp-json\/wp\/v2\/posts\/23","targetHints":{"allow":["GET"]}}],"collection":[{"href":"https:\/\/blog.espol.edu.ec\/alimentarte\/wp-json\/wp\/v2\/posts"}],"about":[{"href":"https:\/\/blog.espol.edu.ec\/alimentarte\/wp-json\/wp\/v2\/types\/post"}],"author":[{"embeddable":true,"href":"https:\/\/blog.espol.edu.ec\/alimentarte\/wp-json\/wp\/v2\/users\/3917"}],"replies":[{"embeddable":true,"href":"https:\/\/blog.espol.edu.ec\/alimentarte\/wp-json\/wp\/v2\/comments?post=23"}],"version-history":[{"count":13,"href":"https:\/\/blog.espol.edu.ec\/alimentarte\/wp-json\/wp\/v2\/posts\/23\/revisions"}],"predecessor-version":[{"id":418,"href":"https:\/\/blog.espol.edu.ec\/alimentarte\/wp-json\/wp\/v2\/posts\/23\/revisions\/418"}],"wp:attachment":[{"href":"https:\/\/blog.espol.edu.ec\/alimentarte\/wp-json\/wp\/v2\/media?parent=23"}],"wp:term":[{"taxonomy":"category","embeddable":true,"href":"https:\/\/blog.espol.edu.ec\/alimentarte\/wp-json\/wp\/v2\/categories?post=23"},{"taxonomy":"post_tag","embeddable":true,"href":"https:\/\/blog.espol.edu.ec\/alimentarte\/wp-json\/wp\/v2\/tags?post=23"}],"curies":[{"name":"wp","href":"https:\/\/api.w.org\/{rel}","templated":true}]}}