{"id":106,"date":"2009-08-13T15:39:33","date_gmt":"2009-08-13T20:39:33","guid":{"rendered":"http:\/\/blog.espol.edu.ec\/allilazo\/?p=106"},"modified":"2009-08-14T16:45:20","modified_gmt":"2009-08-14T21:45:20","slug":"en-el-dia-de-tu-cumpleanos","status":"publish","type":"post","link":"https:\/\/blog.espol.edu.ec\/allilazo\/2009\/08\/13\/en-el-dia-de-tu-cumpleanos\/","title":{"rendered":"En el d\u00eda de tu cumplea\u00f1os"},"content":{"rendered":"<p style=\"text-align: center\"><span style=\"color: #808000\">En el d\u00eda de tu cumplea\u00f1os<br \/>\ntodo lo mejor te debe acompa\u00f1ar,<br \/>\nya que Dios le da esa gracia<br \/>\na solo aquel que sabe amar.<\/span><\/p>\n<p style=\"text-align: center\"><span style=\"color: #808000\">Es un hermoso d\u00eda, un nuevo<br \/>\namanecer, un a\u00f1o mas de vida<br \/>\nen esta lucha que aprender.<\/span><\/p>\n<p style=\"text-align: center\"><span style=\"color: #808000\">Es tu cumplea\u00f1os raz\u00f3n de festejar,<br \/>\nilusi\u00f3n de seguir viviendo<br \/>\nveintid\u00f3s a\u00f1os mas.<\/span><\/p>\n<p style=\"text-align: center\"><span style=\"color: #808000\">Mucha alegr\u00eda y paz en tu alma<br \/>\ndeben estar, no dejes que la<br \/>\ntristeza invada ese lugar, pues<br \/>\nhoy es un d\u00eda de reir y cantar.<\/span><\/p>\n<p style=\"text-align: center\"><span style=\"color: #808000\">En el d\u00eda de tu cumplea\u00f1os que<br \/>\nmas te puedo desear que no sea<br \/>\namor y mucha felicidad. <\/span><\/p>\n<p style=\"text-align: center\"><span style=\"color: #808000\"><a href=\"http:\/\/blog.espol.edu.ec\/allilazo\/files\/2009\/08\/f.jpg\"><img loading=\"lazy\" decoding=\"async\" class=\"aligncenter size-full wp-image-267\" src=\"http:\/\/blog.espol.edu.ec\/allilazo\/files\/2009\/08\/f.jpg\" alt=\"f\" width=\"133\" height=\"77\" \/><\/a><\/span><\/p>\n","protected":false},"excerpt":{"rendered":"<p>En el d\u00eda de tu cumplea\u00f1os todo lo mejor te debe acompa\u00f1ar, ya que Dios le da esa gracia a solo aquel que sabe amar. Es un hermoso d\u00eda, un nuevo amanecer, un a\u00f1o mas de vida en esta lucha que aprender. Es tu cumplea\u00f1os raz\u00f3n de festejar, ilusi\u00f3n de seguir viviendo veintid\u00f3s a\u00f1os mas. [&hellip;]<\/p>\n","protected":false},"author":1352,"featured_media":0,"comment_status":"open","ping_status":"open","sticky":false,"template":"","format":"standard","meta":{"footnotes":""},"categories":[10704],"tags":[190],"class_list":["post-106","post","type-post","status-publish","format-standard","hentry","category-poemas-de-cumpleanos","tag-cumpleanos"],"_links":{"self":[{"href":"https:\/\/blog.espol.edu.ec\/allilazo\/wp-json\/wp\/v2\/posts\/106","targetHints":{"allow":["GET"]}}],"collection":[{"href":"https:\/\/blog.espol.edu.ec\/allilazo\/wp-json\/wp\/v2\/posts"}],"about":[{"href":"https:\/\/blog.espol.edu.ec\/allilazo\/wp-json\/wp\/v2\/types\/post"}],"author":[{"embeddable":true,"href":"https:\/\/blog.espol.edu.ec\/allilazo\/wp-json\/wp\/v2\/users\/1352"}],"replies":[{"embeddable":true,"href":"https:\/\/blog.espol.edu.ec\/allilazo\/wp-json\/wp\/v2\/comments?post=106"}],"version-history":[{"count":3,"href":"https:\/\/blog.espol.edu.ec\/allilazo\/wp-json\/wp\/v2\/posts\/106\/revisions"}],"predecessor-version":[{"id":268,"href":"https:\/\/blog.espol.edu.ec\/allilazo\/wp-json\/wp\/v2\/posts\/106\/revisions\/268"}],"wp:attachment":[{"href":"https:\/\/blog.espol.edu.ec\/allilazo\/wp-json\/wp\/v2\/media?parent=106"}],"wp:term":[{"taxonomy":"category","embeddable":true,"href":"https:\/\/blog.espol.edu.ec\/allilazo\/wp-json\/wp\/v2\/categories?post=106"},{"taxonomy":"post_tag","embeddable":true,"href":"https:\/\/blog.espol.edu.ec\/allilazo\/wp-json\/wp\/v2\/tags?post=106"}],"curies":[{"name":"wp","href":"https:\/\/api.w.org\/{rel}","templated":true}]}}