{"id":112,"date":"2009-08-13T15:41:42","date_gmt":"2009-08-13T20:41:42","guid":{"rendered":"http:\/\/blog.espol.edu.ec\/allilazo\/?p=112"},"modified":"2009-08-14T16:40:43","modified_gmt":"2009-08-14T21:40:43","slug":"cumpleanos-por-venir","status":"publish","type":"post","link":"https:\/\/blog.espol.edu.ec\/allilazo\/2009\/08\/13\/cumpleanos-por-venir\/","title":{"rendered":"Cumplea\u00f1os por venir"},"content":{"rendered":"<p style=\"text-align: center\"><span style=\"color: #800000\">Cumplir\u00e9 un a\u00f1o m\u00e1s,<br \/>\npas\u00e9 por la edad primaveral,<br \/>\npas\u00e9 por la edad oto\u00f1al,<br \/>\ny sin remedio alguno llega otra edad,<br \/>\nno me gusta llamarla vejez,<br \/>\nla llamar\u00e9 edad invernal.<\/span><\/p>\n<p style=\"text-align: center\"><span style=\"color: #800000\">En esta edad todo es m\u00e1s fr\u00edo, m\u00e1s gris.<br \/>\nMe acompa\u00f1a la melancol\u00eda<br \/>\ncon muchos giros de tristeza.<br \/>\nMe ha cambiado la vitalidad,<br \/>\npodr\u00eda decir que he cambiado<br \/>\nhasta mi manera de pensar.<\/span><\/p>\n<p style=\"text-align: center\"><span style=\"color: #800000\">Lo que he conservado intacto en todas mis edades,<br \/>\nes el amor que siempre he profesado<br \/>\na aquellos a quienes me unen lazos inquebrantables:<br \/>\nHermanos, hijos, sobrinos, nietos,<br \/>\nbisnietos y amigos escogidos.<\/span><\/p>\n<p style=\"text-align: center\"><span style=\"color: #800000\">Es hermoso tener a quien querer<br \/>\npara toda la vida.<\/span><\/p>\n<p style=\"text-align: center\"><span style=\"color: #800000\"><a href=\"http:\/\/blog.espol.edu.ec\/allilazo\/files\/2009\/08\/tq.jpg\"><img loading=\"lazy\" decoding=\"async\" class=\"aligncenter size-full wp-image-260\" src=\"http:\/\/blog.espol.edu.ec\/allilazo\/files\/2009\/08\/tq.jpg\" alt=\"tq\" width=\"119\" height=\"113\" \/><\/a><\/span><\/p>\n","protected":false},"excerpt":{"rendered":"<p>Cumplir\u00e9 un a\u00f1o m\u00e1s, pas\u00e9 por la edad primaveral, pas\u00e9 por la edad oto\u00f1al, y sin remedio alguno llega otra edad, no me gusta llamarla vejez, la llamar\u00e9 edad invernal. En esta edad todo es m\u00e1s fr\u00edo, m\u00e1s gris. Me acompa\u00f1a la melancol\u00eda con muchos giros de tristeza. Me ha cambiado la vitalidad, podr\u00eda decir [&hellip;]<\/p>\n","protected":false},"author":1352,"featured_media":0,"comment_status":"open","ping_status":"open","sticky":false,"template":"","format":"standard","meta":{"footnotes":""},"categories":[10704],"tags":[190],"class_list":["post-112","post","type-post","status-publish","format-standard","hentry","category-poemas-de-cumpleanos","tag-cumpleanos"],"_links":{"self":[{"href":"https:\/\/blog.espol.edu.ec\/allilazo\/wp-json\/wp\/v2\/posts\/112","targetHints":{"allow":["GET"]}}],"collection":[{"href":"https:\/\/blog.espol.edu.ec\/allilazo\/wp-json\/wp\/v2\/posts"}],"about":[{"href":"https:\/\/blog.espol.edu.ec\/allilazo\/wp-json\/wp\/v2\/types\/post"}],"author":[{"embeddable":true,"href":"https:\/\/blog.espol.edu.ec\/allilazo\/wp-json\/wp\/v2\/users\/1352"}],"replies":[{"embeddable":true,"href":"https:\/\/blog.espol.edu.ec\/allilazo\/wp-json\/wp\/v2\/comments?post=112"}],"version-history":[{"count":3,"href":"https:\/\/blog.espol.edu.ec\/allilazo\/wp-json\/wp\/v2\/posts\/112\/revisions"}],"predecessor-version":[{"id":261,"href":"https:\/\/blog.espol.edu.ec\/allilazo\/wp-json\/wp\/v2\/posts\/112\/revisions\/261"}],"wp:attachment":[{"href":"https:\/\/blog.espol.edu.ec\/allilazo\/wp-json\/wp\/v2\/media?parent=112"}],"wp:term":[{"taxonomy":"category","embeddable":true,"href":"https:\/\/blog.espol.edu.ec\/allilazo\/wp-json\/wp\/v2\/categories?post=112"},{"taxonomy":"post_tag","embeddable":true,"href":"https:\/\/blog.espol.edu.ec\/allilazo\/wp-json\/wp\/v2\/tags?post=112"}],"curies":[{"name":"wp","href":"https:\/\/api.w.org\/{rel}","templated":true}]}}