{"id":89,"date":"2009-08-13T15:32:14","date_gmt":"2009-08-13T20:32:14","guid":{"rendered":"http:\/\/blog.espol.edu.ec\/allilazo\/?p=89"},"modified":"2009-08-14T10:27:57","modified_gmt":"2009-08-14T15:27:57","slug":"sabras-que-te-quiero","status":"publish","type":"post","link":"https:\/\/blog.espol.edu.ec\/allilazo\/2009\/08\/13\/sabras-que-te-quiero\/","title":{"rendered":"Sabr\u00e1s que te quiero"},"content":{"rendered":"<p style=\"text-align: center\"><span style=\"color: #3366ff\">Sabr\u00e1s que te quiero,<br \/>\nen el silencio de este amor calmado...<br \/>\nen la agon\u00eda de la espera eterna...<br \/>\ncuando notes que estuve siempre a tu lado...<br \/>\nSabr\u00e1s que te quiero...<br \/>\nPor mis mil \u201cte quiero\u201d tan callados...<br \/>\npor los d\u00edas de silencio, en que con mi pensamiento<br \/>\nte envi\u00e9 mil veces dichas... te amo...<br \/>\nSabr\u00e1s que te quiero...<br \/>\ncuando te hable con tanta ternura...<br \/>\ncuando de mis labios recibas<br \/>\nsolo bendiciones...<br \/>\nSabr\u00e1s que te quiero...<br \/>\ncuando estoy nerviosa y no se que mas decirte...<br \/>\ncuando mi voz calla<br \/>\ny mis adentros te gritan que te amo...<br \/>\nSabr\u00e1s que te quiero...<br \/>\ncuando pase el tiempo<br \/>\ny notes que me he marchado de tu vida...<br \/>\nen la forma mas callada y menos prevista...<br \/>\ncuando sin decir adi\u00f3s<br \/>\nme aparte de ti con una t\u00edmida sonrisa...<br \/>\nSabr\u00e1s que te quiero...<br \/>\nCada vez que leas mis poemas...<br \/>\ncuando veas que sigues siendo mi alegr\u00eda<br \/>\ny mi m\u00e1s honda pena...<br \/>\nSabr\u00e1s que te quiero...<br \/>\ncuando en tu mas placido sue\u00f1o...<br \/>\nyo llegue hasta ti<br \/>\ny en un leve eco te vuelva a decir te quiero...<\/span><\/p>\n<address><span style=\"color: #3366ff\"><br \/>\n<\/span><\/address>\n<address><span style=\"color: #3366ff\"><br \/>\n<\/span><\/address>\n<address> <\/address>\n<address><span style=\"color: #3366ff\"><a href=\"http:\/\/blog.espol.edu.ec\/allilazo\/files\/2009\/08\/q.jpg\"><img loading=\"lazy\" decoding=\"async\" class=\"aligncenter size-full wp-image-154\" src=\"http:\/\/blog.espol.edu.ec\/allilazo\/files\/2009\/08\/q.jpg\" alt=\"te quiero\" width=\"121\" height=\"107\" \/><\/a><br \/>\n<\/span><\/address>\n","protected":false},"excerpt":{"rendered":"<p>Sabr\u00e1s que te quiero, en el silencio de este amor calmado... en la agon\u00eda de la espera eterna... cuando notes que estuve siempre a tu lado... Sabr\u00e1s que te quiero... Por mis mil \u201cte quiero\u201d tan callados... por los d\u00edas de silencio, en que con mi pensamiento te envi\u00e9 mil veces dichas... te amo... Sabr\u00e1s [&hellip;]<\/p>\n","protected":false},"author":1352,"featured_media":0,"comment_status":"open","ping_status":"open","sticky":false,"template":"","format":"standard","meta":{"footnotes":""},"categories":[10701],"tags":[153],"class_list":["post-89","post","type-post","status-publish","format-standard","hentry","category-poemas-de-amor","tag-amor"],"_links":{"self":[{"href":"https:\/\/blog.espol.edu.ec\/allilazo\/wp-json\/wp\/v2\/posts\/89","targetHints":{"allow":["GET"]}}],"collection":[{"href":"https:\/\/blog.espol.edu.ec\/allilazo\/wp-json\/wp\/v2\/posts"}],"about":[{"href":"https:\/\/blog.espol.edu.ec\/allilazo\/wp-json\/wp\/v2\/types\/post"}],"author":[{"embeddable":true,"href":"https:\/\/blog.espol.edu.ec\/allilazo\/wp-json\/wp\/v2\/users\/1352"}],"replies":[{"embeddable":true,"href":"https:\/\/blog.espol.edu.ec\/allilazo\/wp-json\/wp\/v2\/comments?post=89"}],"version-history":[{"count":7,"href":"https:\/\/blog.espol.edu.ec\/allilazo\/wp-json\/wp\/v2\/posts\/89\/revisions"}],"predecessor-version":[{"id":158,"href":"https:\/\/blog.espol.edu.ec\/allilazo\/wp-json\/wp\/v2\/posts\/89\/revisions\/158"}],"wp:attachment":[{"href":"https:\/\/blog.espol.edu.ec\/allilazo\/wp-json\/wp\/v2\/media?parent=89"}],"wp:term":[{"taxonomy":"category","embeddable":true,"href":"https:\/\/blog.espol.edu.ec\/allilazo\/wp-json\/wp\/v2\/categories?post=89"},{"taxonomy":"post_tag","embeddable":true,"href":"https:\/\/blog.espol.edu.ec\/allilazo\/wp-json\/wp\/v2\/tags?post=89"}],"curies":[{"name":"wp","href":"https:\/\/api.w.org\/{rel}","templated":true}]}}