{"id":98,"date":"2009-08-13T15:35:37","date_gmt":"2009-08-13T20:35:37","guid":{"rendered":"http:\/\/blog.espol.edu.ec\/allilazo\/?p=98"},"modified":"2009-08-14T10:57:45","modified_gmt":"2009-08-14T15:57:45","slug":"%c2%a1perdoname-amiga","status":"publish","type":"post","link":"https:\/\/blog.espol.edu.ec\/allilazo\/2009\/08\/13\/%c2%a1perdoname-amiga\/","title":{"rendered":"\u00a1Perd\u00f3name amiga!"},"content":{"rendered":"<p style=\"text-align: center\"><span style=\"color: #808000\">Perd\u00f3name si te fall\u00e9<br \/>\nSe que lo hice, amiga m\u00eda<br \/>\nPerd\u00f3name si te saqu\u00e9<br \/>\nUn pedazo de alma perdida<br \/>\nPerd\u00f3name sin preguntar<br \/>\nY volvamos a empezar<br \/>\nPorque cuando un amigo se va<br \/>\nQueda un espacio vac\u00edo<br \/>\nY no lo puede llenar la llegada de otro amigo<br \/>\nLo que vivimos fue \u00fanico para mi<br \/>\nEspero que para ti tambi\u00e9n haya sido as\u00ed<br \/>\nLa puerta de mi vida estar\u00e1 abierta<br \/>\nY cuando quieras venir<br \/>\nNo preguntes nada \"solo entra\". <\/span><\/p>\n<p style=\"text-align: center\">\n<p style=\"text-align: center\"><span style=\"color: #808000\"><a href=\"http:\/\/blog.espol.edu.ec\/allilazo\/files\/2009\/08\/perdon.jpg\"><img loading=\"lazy\" decoding=\"async\" class=\"aligncenter size-full wp-image-183\" src=\"http:\/\/blog.espol.edu.ec\/allilazo\/files\/2009\/08\/perdon.jpg\" alt=\"perdon\" width=\"129\" height=\"76\" \/><\/a><br \/>\n<\/span><\/p>\n","protected":false},"excerpt":{"rendered":"<p>Perd\u00f3name si te fall\u00e9 Se que lo hice, amiga m\u00eda Perd\u00f3name si te saqu\u00e9 Un pedazo de alma perdida Perd\u00f3name sin preguntar Y volvamos a empezar Porque cuando un amigo se va Queda un espacio vac\u00edo Y no lo puede llenar la llegada de otro amigo Lo que vivimos fue \u00fanico para mi Espero que [&hellip;]<\/p>\n","protected":false},"author":1352,"featured_media":0,"comment_status":"open","ping_status":"open","sticky":false,"template":"","format":"standard","meta":{"footnotes":""},"categories":[10702],"tags":[498],"class_list":["post-98","post","type-post","status-publish","format-standard","hentry","category-poemas-de-amistad","tag-amistad"],"_links":{"self":[{"href":"https:\/\/blog.espol.edu.ec\/allilazo\/wp-json\/wp\/v2\/posts\/98","targetHints":{"allow":["GET"]}}],"collection":[{"href":"https:\/\/blog.espol.edu.ec\/allilazo\/wp-json\/wp\/v2\/posts"}],"about":[{"href":"https:\/\/blog.espol.edu.ec\/allilazo\/wp-json\/wp\/v2\/types\/post"}],"author":[{"embeddable":true,"href":"https:\/\/blog.espol.edu.ec\/allilazo\/wp-json\/wp\/v2\/users\/1352"}],"replies":[{"embeddable":true,"href":"https:\/\/blog.espol.edu.ec\/allilazo\/wp-json\/wp\/v2\/comments?post=98"}],"version-history":[{"count":5,"href":"https:\/\/blog.espol.edu.ec\/allilazo\/wp-json\/wp\/v2\/posts\/98\/revisions"}],"predecessor-version":[{"id":182,"href":"https:\/\/blog.espol.edu.ec\/allilazo\/wp-json\/wp\/v2\/posts\/98\/revisions\/182"}],"wp:attachment":[{"href":"https:\/\/blog.espol.edu.ec\/allilazo\/wp-json\/wp\/v2\/media?parent=98"}],"wp:term":[{"taxonomy":"category","embeddable":true,"href":"https:\/\/blog.espol.edu.ec\/allilazo\/wp-json\/wp\/v2\/categories?post=98"},{"taxonomy":"post_tag","embeddable":true,"href":"https:\/\/blog.espol.edu.ec\/allilazo\/wp-json\/wp\/v2\/tags?post=98"}],"curies":[{"name":"wp","href":"https:\/\/api.w.org\/{rel}","templated":true}]}}