{"id":20,"date":"2011-05-22T14:50:10","date_gmt":"2011-05-22T14:50:10","guid":{"rendered":"http:\/\/blog.espol.edu.ec\/almagarc\/?p=20"},"modified":"2011-05-22T14:50:10","modified_gmt":"2011-05-22T14:50:10","slug":"cultura-valdivia-4000-ac-1500-ac","status":"publish","type":"post","link":"https:\/\/blog.espol.edu.ec\/almagarc\/2011\/05\/22\/cultura-valdivia-4000-ac-1500-ac\/","title":{"rendered":"Cultura Valdivia (4000 aC - 1500 aC)"},"content":{"rendered":"<div id=\"attachment_19\" style=\"width: 222px\" class=\"wp-caption alignright\"><a href=\"http:\/\/blog.espol.edu.ec\/almagarc\/files\/2011\/05\/Page_1.jpg\"><img loading=\"lazy\" decoding=\"async\" aria-describedby=\"caption-attachment-19\" class=\"size-medium wp-image-19\" title=\"Page_1\" src=\"http:\/\/blog.espol.edu.ec\/almagarc\/files\/2011\/05\/Page_1-212x300.jpg\" alt=\"\" width=\"212\" height=\"300\" srcset=\"https:\/\/blog.espol.edu.ec\/almagarc\/files\/2011\/05\/Page_1-212x300.jpg 212w, https:\/\/blog.espol.edu.ec\/almagarc\/files\/2011\/05\/Page_1-723x1024.jpg 723w\" sizes=\"auto, (max-width: 212px) 100vw, 212px\" \/><\/a><p id=\"caption-attachment-19\" class=\"wp-caption-text\">Piezas de la Cultura Valdivia<\/p><\/div>\n<p>La arqueolog\u00eda en el Ecuador y Latinoam\u00e9rica se divide en tres etapas: <strong><em>Per\u00edodo Formativo, Per\u00edodo de Desarrollo Regional, Per\u00edodo de Integraci\u00f3n<\/em><\/strong><em> <\/em>y cada uno de estas fases tienen diferentes asentamientos culturales de suma importancia.<\/p>\n<p>La Cultura Valdivia apareci\u00f3 aproximadamente alrededor del 4000 AC - 1500 AC y fu\u00e9 la primera civilizaci\u00f3n del Per\u00edodo Formativo, son los descendientes de \u201cLos Vegas\u201d, habitaron en la costa del pa\u00eds, entre la provicia de Manab\u00ed hasta la provicia de Santa Elena. Este complejo cultural se destaca principalmente por la implementaci\u00f3n de la cer\u00e1mica en su vida diaria, seg\u00fan los estudios realizados por destacados arque\u00f3logos ha sido confirmado que ellos fueron los primeros en producir objetos de barro en el continente americano siendo as\u00ed la primera civilizaci\u00f3n alfarera de Am\u00e9rica. Entre las piezas realizadas encontramos cuencos, ollas y escudillas que hab\u00edan sido decoradas con motivos geom\u00e9tricos. No olvidemos que antes de trabajar con la cer\u00e1mica lo hicieron con las piedras.<\/p>\n<p>Una de las caracter\u00edsticas m\u00e1s notables en la cer\u00e1mica de la Cultura Valdivia es la aparici\u00f3n de figurillas en su mayor\u00eda pertenecientes al sexo femenino, las mismas que mundialmente han sido conocidas como \u201cLas Venus de Valdivia\u201d, y en las cuales se puede visualizar la regi\u00f3n p\u00fabica. Se cree que estas figuras representaban la fecundidad de las mujeres de la \u00e9poca y tambi\u00e9n de la tierra ya que en aquel tiempo su mayor fuente de subsistencia era la agricultura.<\/p>\n<p>Existen varias teor\u00edas que sugieren que esta cultura se desarroll\u00f3 en medio de una organizaci\u00f3n matrilineal bajo la presencia de una \u201cmatriarca\u201d ya que en un entierro encontrado en Real Alto, (yacimiento arqueol\u00f3gico donde predomina la Cultura Valdivia) observamos que la mujer que fue sepultada ha recibido una atenci\u00f3n muy especial; primeramente su tumba fue cubierta por piedras de moler, segundo, a sus pies se encuentran los restos de un hombre que fue descuartizado lo que sugiere que talvez \u00e9l fue parte de un sacrificio en honor a la mujer, adem\u00e1s de esto hay evidencia de siete entierros secundarios en la misma tumba. Seg\u00fan estos hallazgo se ha llegado a la conclusi\u00f3n de que la cultura valdiviana se estaba transformando en una sociedad no igualitaria.<\/p>\n<p>Como mencion\u00e9 anteriormente, este complejo cultural practic\u00f3 activamente la agricultura, siendo as\u00ed los cultivos principales el ma\u00edz, porotos, calabazas, algod\u00f3n y man\u00ed. Cosechavan tambi\u00e9n frutos silvestres como la pi\u00f1a, papayas y chirimoyas, asimismo se dedicaron a la pesca y caza. Las aldeas valdivianas fueron construidas teniendo en cuanta una planificaci\u00f3n urbana, Las Tolas (mont\u00edculos de tierra artificiales) se mantienen pero dentro de una gran plaza, las casas eran el\u00edpticas, llegaron a medir hasta 8x10 metros y ten\u00edan divisiones internas. La aldea de Real Alto durante su m\u00e1ximo desarrollo alberg\u00f3 cerca de 3,000 personas. Se conoce tambi\u00e9n que durante esta \u00e9poca la cultura Valdivia comercializ\u00f3 con el resto del mundo andino, incluyendo la ciudad de Caral (2,600 ac) en Per\u00fa, ya que se encontr\u00f3 la concha Sp\u00f3ndylus\u00a0 en dicha ciudad; esta concha es originaria de la costa ecuatoriana y por milenios fue considerada como un n\u00e9ctar divino, como los Valdivia eran los \u00fanicos habitantes de la regi\u00f3n costera en aquel entonces se comprob\u00f3 que existi\u00f3 dicha comercializaci\u00f3n.<\/p>\n<p>El primero en descubrir estos asentamientos arqueol\u00f3gicos fue Emilio Estrada Icaza en 1953, con la colaboraci\u00f3n de los esposos Betty Meggers y Clifford Evans, ambos arque\u00f3logos del Smithsonian Institute de Washington. Meggers y Evans contribuyeron a la investigaci\u00f3n trayendo m\u00e9todos nuevos tales como las pruebas del Carbono 14 y la excavaci\u00f3n estratigr\u00e1fico, la cual consist\u00eda en extraer la tierra en bloques en cierto espesor para determinar el periodo de las piezas seg\u00fan la profundidad en la que se encontraban. Estas b\u00fasquedas se llevaron a cabo en la pen\u00ednsula de Santa Elena y fueron muy exitosas ya que se obtuvieron aproximadamente 20.000 piezas pertenecientes a la Cultura Valdivia las cuales pasaron a marcar un hecho importante en nuestra historia.<\/p>\n<p><em>\u201cEl conocimiento de la historia de un pueblo es necesario para establecer la tradici\u00f3n sobre la cual se basa una nacionalidad... Mientras m\u00e1s atr\u00e1s se remonta la historia de un pa\u00eds m\u00e1s se eleva el civismo de sus habitantes, y se eleva m\u00e1s el esp\u00edritu patrio...\u201d <\/em><em>(<\/em>Emilio Estrada 1916-1961).<\/p>\n<p style=\"text-align: right\">Escrito por: <a href=\"http:\/\/www.d-kultura.com\/DKultura\/AleGar_Ing.html\">Alexia Garc\u00eda<\/a><\/p>\n","protected":false},"excerpt":{"rendered":"<p>La arqueolog\u00eda en el Ecuador y Latinoam\u00e9rica se divide en tres etapas: Per\u00edodo Formativo, Per\u00edodo de Desarrollo Regional, Per\u00edodo de Integraci\u00f3n y cada uno de estas fases tienen diferentes asentamientos culturales de suma importancia. La Cultura Valdivia apareci\u00f3 aproximadamente alrededor del 4000 AC - 1500 AC y fu\u00e9 la primera civilizaci\u00f3n del Per\u00edodo Formativo, son [&hellip;]<\/p>\n","protected":false},"author":5755,"featured_media":0,"comment_status":"open","ping_status":"open","sticky":false,"template":"","format":"standard","meta":{"footnotes":""},"categories":[1],"tags":[],"class_list":["post-20","post","type-post","status-publish","format-standard","hentry","category-uncategorized"],"_links":{"self":[{"href":"https:\/\/blog.espol.edu.ec\/almagarc\/wp-json\/wp\/v2\/posts\/20","targetHints":{"allow":["GET"]}}],"collection":[{"href":"https:\/\/blog.espol.edu.ec\/almagarc\/wp-json\/wp\/v2\/posts"}],"about":[{"href":"https:\/\/blog.espol.edu.ec\/almagarc\/wp-json\/wp\/v2\/types\/post"}],"author":[{"embeddable":true,"href":"https:\/\/blog.espol.edu.ec\/almagarc\/wp-json\/wp\/v2\/users\/5755"}],"replies":[{"embeddable":true,"href":"https:\/\/blog.espol.edu.ec\/almagarc\/wp-json\/wp\/v2\/comments?post=20"}],"version-history":[{"count":1,"href":"https:\/\/blog.espol.edu.ec\/almagarc\/wp-json\/wp\/v2\/posts\/20\/revisions"}],"predecessor-version":[{"id":21,"href":"https:\/\/blog.espol.edu.ec\/almagarc\/wp-json\/wp\/v2\/posts\/20\/revisions\/21"}],"wp:attachment":[{"href":"https:\/\/blog.espol.edu.ec\/almagarc\/wp-json\/wp\/v2\/media?parent=20"}],"wp:term":[{"taxonomy":"category","embeddable":true,"href":"https:\/\/blog.espol.edu.ec\/almagarc\/wp-json\/wp\/v2\/categories?post=20"},{"taxonomy":"post_tag","embeddable":true,"href":"https:\/\/blog.espol.edu.ec\/almagarc\/wp-json\/wp\/v2\/tags?post=20"}],"curies":[{"name":"wp","href":"https:\/\/api.w.org\/{rel}","templated":true}]}}