{"id":108,"date":"2014-06-09T23:22:01","date_gmt":"2014-06-09T23:22:01","guid":{"rendered":"http:\/\/blog.espol.edu.ec\/alnibrio\/?p=108"},"modified":"2014-06-10T19:55:59","modified_gmt":"2014-06-10T19:55:59","slug":"alquiler-de-bicicletas-para-ir-a-la-santay-a-4-dolares","status":"publish","type":"post","link":"https:\/\/blog.espol.edu.ec\/alnibrio\/2014\/06\/09\/alquiler-de-bicicletas-para-ir-a-la-santay-a-4-dolares\/","title":{"rendered":"Alquiler de bicicletas para ir a la Santay, a 4 d\u00f3lares"},"content":{"rendered":"<header style=\"color: #000000\">\n<p class=\"node-title\" style=\"color: #122842\">El Ministerio del Ambiente determin\u00f3 ayer el valor para el alquiler de las cien bicicletas que tiene disponibles para recorrer los senderos habilitados en la isla Santay, luego de la apertura del puente el martes pasado.<\/p>\n<\/header>\n<div class=\"content clearfix\" style=\"color: #000000\">\n<div class=\"field field-name-body field-type-text-with-summary field-label-hidden\">\n<div class=\"field-items\" style=\"font-weight: inherit;font-style: inherit\">\n<div class=\"field-item even\" style=\"font-weight: inherit;font-style: inherit\">\n<p>\u201cA la entrada del puente se encuentran las casetas de registro de visitantes donde se podr\u00e1 alquilar las bicicletas y el equipamiento de seguridad con un costo de 4 d\u00f3lares\u201d, se\u00f1al\u00f3 el organismo.<\/p>\n<p>Asimismo, indic\u00f3 que los visitantes pueden usar sus propias bicicletas, pero no podr\u00e1n ingresar en patines, monopatines u otro artefacto, ya que los senderos son solo peatonales y para bicicletas.<\/p>\n<p>El costo del alquiler comprende el recorrido de ida y regreso a la ecoaldea, pero no se especifica el tiempo del que dispone el usuario para aquello.<\/p>\n<p>El puente est\u00e1 habilitado desde las 06:00 hasta las 21:00, mientras el recorrido a la isla se puede hacer entre las 06:00 y 17:00, de lunes a domingo.<\/p>\n<p>A la fecha est\u00e1 habilitado el sendero hacia la ecoaldea, de 1,7 kil\u00f3metros. All\u00ed hay servicios como la cocodrilera, caba\u00f1as de hospedaje, ciclov\u00eda y restaurante. Estos d\u00edas hay afluencia de visitantes. Mientras, en julio el Ministerio anuncia que se prev\u00e9 inaugurar toda el \u00c1rea de Recreaci\u00f3n Nacional Isla Santay, que incluir\u00e1 el sendero y el puente hacia Dur\u00e1n.<\/p>\n<p><a href=\"http:\/\/blog.espol.edu.ec\/alnibrio\/files\/2014\/06\/gg14kk060614photo01.jpg\"><img loading=\"lazy\" decoding=\"async\" class=\"alignnone size-full wp-image-124\" src=\"http:\/\/blog.espol.edu.ec\/alnibrio\/files\/2014\/06\/gg14kk060614photo01.jpg\" alt=\"gg14kk060614photo01\" width=\"590\" height=\"330\" srcset=\"https:\/\/blog.espol.edu.ec\/alnibrio\/files\/2014\/06\/gg14kk060614photo01.jpg 590w, https:\/\/blog.espol.edu.ec\/alnibrio\/files\/2014\/06\/gg14kk060614photo01-300x167.jpg 300w\" sizes=\"auto, (max-width: 590px) 100vw, 590px\" \/><\/a><\/p>\n<\/div>\n<\/div>\n<\/div>\n<\/div>\n","protected":false},"excerpt":{"rendered":"<p>El Ministerio del Ambiente determin\u00f3 ayer el valor para el alquiler de las cien bicicletas que tiene disponibles para recorrer los senderos habilitados en la isla Santay, luego de la apertura del puente el martes pasado. \u201cA la entrada del puente se encuentran las casetas de registro de visitantes donde se podr\u00e1 alquilar las bicicletas [&hellip;]<\/p>\n","protected":false},"author":9010,"featured_media":0,"comment_status":"open","ping_status":"open","sticky":false,"template":"","format":"standard","meta":{"footnotes":""},"categories":[818],"tags":[],"class_list":["post-108","post","type-post","status-publish","format-standard","hentry","category-sin-categoria"],"_links":{"self":[{"href":"https:\/\/blog.espol.edu.ec\/alnibrio\/wp-json\/wp\/v2\/posts\/108","targetHints":{"allow":["GET"]}}],"collection":[{"href":"https:\/\/blog.espol.edu.ec\/alnibrio\/wp-json\/wp\/v2\/posts"}],"about":[{"href":"https:\/\/blog.espol.edu.ec\/alnibrio\/wp-json\/wp\/v2\/types\/post"}],"author":[{"embeddable":true,"href":"https:\/\/blog.espol.edu.ec\/alnibrio\/wp-json\/wp\/v2\/users\/9010"}],"replies":[{"embeddable":true,"href":"https:\/\/blog.espol.edu.ec\/alnibrio\/wp-json\/wp\/v2\/comments?post=108"}],"version-history":[{"count":2,"href":"https:\/\/blog.espol.edu.ec\/alnibrio\/wp-json\/wp\/v2\/posts\/108\/revisions"}],"predecessor-version":[{"id":125,"href":"https:\/\/blog.espol.edu.ec\/alnibrio\/wp-json\/wp\/v2\/posts\/108\/revisions\/125"}],"wp:attachment":[{"href":"https:\/\/blog.espol.edu.ec\/alnibrio\/wp-json\/wp\/v2\/media?parent=108"}],"wp:term":[{"taxonomy":"category","embeddable":true,"href":"https:\/\/blog.espol.edu.ec\/alnibrio\/wp-json\/wp\/v2\/categories?post=108"},{"taxonomy":"post_tag","embeddable":true,"href":"https:\/\/blog.espol.edu.ec\/alnibrio\/wp-json\/wp\/v2\/tags?post=108"}],"curies":[{"name":"wp","href":"https:\/\/api.w.org\/{rel}","templated":true}]}}