{"id":247,"date":"2010-05-10T02:25:07","date_gmt":"2010-05-10T07:25:07","guid":{"rendered":"http:\/\/blog.espol.edu.ec\/alopez\/?p=247"},"modified":"2010-05-10T02:25:07","modified_gmt":"2010-05-10T07:25:07","slug":"don-bosco-en-guayaquil","status":"publish","type":"post","link":"https:\/\/blog.espol.edu.ec\/alopez\/2010\/05\/10\/don-bosco-en-guayaquil\/","title":{"rendered":"Don Bosco en Guayaquil"},"content":{"rendered":"<p>Don Bosco estuvo en nuestra ciudad y como en entradas anteriores ya e comentado \u00a0estuve junto a \u00e9l, nuestro padre amigo y maestro, en varios de los lugares \u00a0que visito.<\/p>\n<p>Con las fotograf\u00edas de <a href=\"http:\/\/twitter.com\/Patty_ldu\" target=\"_blank\">Pattyldu<\/a> e editado un video para mostrar esos momentos que se vivieron en la ciudad junto a Don Bosco, con la\u00a0alegr\u00eda\u00a0que\u00a0caracteriza\u00a0a los <a href=\"http:\/\/www.salesianos.org.ec\/\" target=\"_blank\">salesianos<\/a>.<\/p>\n<p><object width=\"690\" height=\"552\"><param name=\"allowFullScreen\" value=\"true\" \/><param name=\"allowscriptaccess\" value=\"always\" \/><param name=\"src\" value=\"http:\/\/www.youtube.com\/v\/Xc87K3nK3Yw&amp;hl=es_ES&amp;fs=1&amp;color1=0x234900&amp;color2=0x4e9e00\" \/><embed type=\"application\/x-shockwave-flash\" width=\"690\" height=\"552\" src=\"http:\/\/www.youtube.com\/v\/Xc87K3nK3Yw&amp;hl=es_ES&amp;fs=1&amp;color1=0x234900&amp;color2=0x4e9e00\"><\/embed><\/object><\/p>\n<p>Luego de la visita de Don Bosco a nuestro\u00a0pa\u00eds, me quedan experiencias\u00a0inolvidables, momentos de extrema felicidad verdadera que quedaran guardados en nuestros corazones para siempre y adem\u00e1s varias fotos que\u00a0comparto\u00a0con ustedes.<\/p>\n<p>Fotos sobre la llegad de Don Bosco a Guayaquil en el Malec\u00f3n. \u00a0 <a href=\"http:\/\/www.facebook.com\/album.php?aid=59897&amp;id=1483812330\" target=\"_blank\">11 Fotos<\/a><\/p>\n<p>Fotos de la visita al Oratorio Casa Don Bosco. \u00a0<a href=\"http:\/\/www.facebook.com\/album.php?aid=60444&amp;id=1483812330\" target=\"_blank\">31 Fotos<\/a><\/p>\n<p>Fotos de la visita al Colegio Crist\u00f3bal Col\u00f3n. <a href=\"http:\/\/www.facebook.com\/album.php?aid=60629&amp;id=1483812330\" target=\"_blank\">14 Fotos<\/a><\/p>\n<p>Fotos de la Misa de Despedida. \u00a0<a href=\"http:\/\/www.facebook.com\/album.php?aid=60651&amp;id=1483812330\" target=\"_blank\">17 Fotos<\/a><\/p>\n<p>Mas Fotos e informaci\u00f3n en <a href=\"http:\/\/pattyldu.wordpress.com\/\" target=\"_blank\">http:\/\/pattyldu.wordpress.com\/<\/a><\/p>\n<p>La Visita de Don Bosco nos deja la prueba de la cantidad de salesianos que existe en Ecuador, y que serlo implica llevar una vida alegre y ayudar o hacer algo para cambiar al mundo desde cualquier lugar o\u00a0posici\u00f3n\u00a0en la que nos encontremos.<\/p>\n<p>Durante los D\u00edas que don Bosco estuvo en mi ciudad\u00a0conoc\u00ed\u00a0personas que tienen una vida ocupada con sus familias y trabajos pero siempre dejan un momento para servir a los\u00a0dem\u00e1s\u00a0y con ese peque\u00f1o aporte logran realizar un peque\u00f1o gran cambio en la humanidad.<\/p>\n<p>Que la visita de Don Bosco nos deje la lecci\u00f3n de siempre recordar que hagamos lo que hagamos en la vida estemos donde estemos y seamos lo que seamos, tenemos una obligaci\u00f3n para con los\u00a0dem\u00e1s, que es hacer algo para tratar de mejorara el mundo, y nunca estaremos contentos o realizados si es que no dejamos un tiempo para servir a construir una mejor humanidad.<\/p>\n<p>Por mi parte hice una petici\u00f3n personal, estoy seguro se cumplir\u00e1.<\/p>\n<p>Gracias Don Bosco por bendecir nuestro pa\u00eds y gracias a todas las personas que contribuyeron en la organizaci\u00f3n, que participaron y asistieron a la visita de don Bosco a nuestro Pa\u00eds.<\/p>\n","protected":false},"excerpt":{"rendered":"<p>Don Bosco estuvo en nuestra ciudad y como en entradas anteriores ya e comentado \u00a0estuve junto a \u00e9l, nuestro padre amigo y maestro, en varios de los lugares \u00a0que visito. Con las fotograf\u00edas de Pattyldu e editado un video para mostrar esos momentos que se vivieron en la ciudad junto a Don Bosco, con la\u00a0alegr\u00eda\u00a0que\u00a0caracteriza\u00a0a [&hellip;]<\/p>\n","protected":false},"author":866,"featured_media":0,"comment_status":"open","ping_status":"open","sticky":false,"template":"","format":"standard","meta":{"_monsterinsights_skip_tracking":false,"_monsterinsights_sitenote_active":false,"_monsterinsights_sitenote_note":"","_monsterinsights_sitenote_category":0,"footnotes":""},"categories":[439,1],"tags":[5964,9709,70,5957,5962,16537],"class_list":["post-247","post","type-post","status-publish","format-standard","hentry","category-personal","category-uncategorized","tag-agucho","tag-don-bosco","tag-ecuador","tag-jose-andres-lopez-alvarez","tag-salesianos","tag-urna"],"_links":{"self":[{"href":"https:\/\/blog.espol.edu.ec\/alopez\/wp-json\/wp\/v2\/posts\/247","targetHints":{"allow":["GET"]}}],"collection":[{"href":"https:\/\/blog.espol.edu.ec\/alopez\/wp-json\/wp\/v2\/posts"}],"about":[{"href":"https:\/\/blog.espol.edu.ec\/alopez\/wp-json\/wp\/v2\/types\/post"}],"author":[{"embeddable":true,"href":"https:\/\/blog.espol.edu.ec\/alopez\/wp-json\/wp\/v2\/users\/866"}],"replies":[{"embeddable":true,"href":"https:\/\/blog.espol.edu.ec\/alopez\/wp-json\/wp\/v2\/comments?post=247"}],"version-history":[{"count":11,"href":"https:\/\/blog.espol.edu.ec\/alopez\/wp-json\/wp\/v2\/posts\/247\/revisions"}],"predecessor-version":[{"id":258,"href":"https:\/\/blog.espol.edu.ec\/alopez\/wp-json\/wp\/v2\/posts\/247\/revisions\/258"}],"wp:attachment":[{"href":"https:\/\/blog.espol.edu.ec\/alopez\/wp-json\/wp\/v2\/media?parent=247"}],"wp:term":[{"taxonomy":"category","embeddable":true,"href":"https:\/\/blog.espol.edu.ec\/alopez\/wp-json\/wp\/v2\/categories?post=247"},{"taxonomy":"post_tag","embeddable":true,"href":"https:\/\/blog.espol.edu.ec\/alopez\/wp-json\/wp\/v2\/tags?post=247"}],"curies":[{"name":"wp","href":"https:\/\/api.w.org\/{rel}","templated":true}]}}