{"id":108,"date":"2014-11-02T01:03:28","date_gmt":"2014-11-02T01:03:28","guid":{"rendered":"http:\/\/blog.espol.edu.ec\/ambailon\/?p=108"},"modified":"2014-11-11T12:26:32","modified_gmt":"2014-11-11T12:26:32","slug":"biografia-de-julio-jaramillo","status":"publish","type":"post","link":"https:\/\/blog.espol.edu.ec\/ambailon\/2014\/11\/02\/biografia-de-julio-jaramillo\/","title":{"rendered":"Acr\u00f3stico del Pasillo"},"content":{"rendered":"<h3><strong><span style=\"color: #000000\"><span style=\"color: #993300\">P <\/span>or ser un \u00edcono de reconocimiento musical<\/span><\/strong><br \/>\n<strong><span style=\"color: #000000\"><span style=\"color: #993366\"> A<\/span> petecido por muchos ya que contribuye a un conocimiento cultural<\/span><\/strong><br \/>\n<strong><span style=\"color: #000000\"><span style=\"color: #008000\"> S<\/span> e te inmortaliza en cada palabra, sonido que<\/span><\/strong><br \/>\n<strong><span style=\"color: #000000\"><span style=\"color: #ff6600\"> I<\/span> ndiscutiblemente trascender\u00e1s generaciones,<\/span><\/strong><br \/>\n<strong><span style=\"color: #000000\"><span style=\"color: #333300\"> L<\/span> ogrando as\u00ed integrar a la humanidad con<\/span><\/strong><br \/>\n<strong><span style=\"color: #000000\"><span style=\"color: #0000ff\"> L<\/span> o m\u00e1s preciado de un puro sentimiento el<\/span><\/strong><br \/>\n<strong><span style=\"color: #000000\"><span style=\"color: #99cc00\"> O <\/span>rgullo de que sea nuestro.<\/span><\/strong><\/h3>\n<h3><strong><span style=\"color: #333300\"><em>Por: \u00a0ANA MAR\u00cdA BAIL\u00d3N MEDRANDA<\/em><\/span><\/strong><\/h3>\n<p><a href=\"http:\/\/blog.espol.edu.ec\/ambailon\/files\/2014\/11\/ldv.jpg\"><img loading=\"lazy\" decoding=\"async\" class=\"aligncenter wp-image-134 \" src=\"http:\/\/blog.espol.edu.ec\/ambailon\/files\/2014\/11\/ldv.jpg\" alt=\"ld,v\" width=\"339\" height=\"90\" \/><\/a><\/p>\n","protected":false},"excerpt":{"rendered":"<p>P or ser un \u00edcono de reconocimiento musical A petecido por muchos ya que contribuye a un conocimiento cultural S e te inmortaliza en cada palabra, sonido que I ndiscutiblemente trascender\u00e1s generaciones, L ogrando as\u00ed integrar a la humanidad con L o m\u00e1s preciado de un puro sentimiento el O rgullo de que sea nuestro. &hellip; <\/p>\n<p><a class=\"more-link btn\" href=\"https:\/\/blog.espol.edu.ec\/ambailon\/2014\/11\/02\/biografia-de-julio-jaramillo\/\">Seguir leyendo<\/a><\/p>\n","protected":false},"author":9371,"featured_media":0,"comment_status":"open","ping_status":"open","sticky":false,"template":"","format":"standard","meta":{"footnotes":""},"categories":[818],"tags":[],"class_list":["post-108","post","type-post","status-publish","format-standard","hentry","category-sin-categoria","item-wrap"],"_links":{"self":[{"href":"https:\/\/blog.espol.edu.ec\/ambailon\/wp-json\/wp\/v2\/posts\/108","targetHints":{"allow":["GET"]}}],"collection":[{"href":"https:\/\/blog.espol.edu.ec\/ambailon\/wp-json\/wp\/v2\/posts"}],"about":[{"href":"https:\/\/blog.espol.edu.ec\/ambailon\/wp-json\/wp\/v2\/types\/post"}],"author":[{"embeddable":true,"href":"https:\/\/blog.espol.edu.ec\/ambailon\/wp-json\/wp\/v2\/users\/9371"}],"replies":[{"embeddable":true,"href":"https:\/\/blog.espol.edu.ec\/ambailon\/wp-json\/wp\/v2\/comments?post=108"}],"version-history":[{"count":11,"href":"https:\/\/blog.espol.edu.ec\/ambailon\/wp-json\/wp\/v2\/posts\/108\/revisions"}],"predecessor-version":[{"id":222,"href":"https:\/\/blog.espol.edu.ec\/ambailon\/wp-json\/wp\/v2\/posts\/108\/revisions\/222"}],"wp:attachment":[{"href":"https:\/\/blog.espol.edu.ec\/ambailon\/wp-json\/wp\/v2\/media?parent=108"}],"wp:term":[{"taxonomy":"category","embeddable":true,"href":"https:\/\/blog.espol.edu.ec\/ambailon\/wp-json\/wp\/v2\/categories?post=108"},{"taxonomy":"post_tag","embeddable":true,"href":"https:\/\/blog.espol.edu.ec\/ambailon\/wp-json\/wp\/v2\/tags?post=108"}],"curies":[{"name":"wp","href":"https:\/\/api.w.org\/{rel}","templated":true}]}}