{"id":97,"date":"2012-10-31T13:46:13","date_gmt":"2012-10-31T13:46:13","guid":{"rendered":"http:\/\/blog.espol.edu.ec\/andeandr\/?p=97"},"modified":"2012-10-31T14:06:57","modified_gmt":"2012-10-31T14:06:57","slug":"97","status":"publish","type":"post","link":"https:\/\/blog.espol.edu.ec\/andeandr\/2012\/10\/31\/97\/","title":{"rendered":"D\u00cdA DEL ESCUDO DEL ECUADOR"},"content":{"rendered":"<p><img loading=\"lazy\" decoding=\"async\" alt=\"\" src=\"http:\/\/upload.wikimedia.org\/wikipedia\/commons\/thumb\/e\/e7\/Coat_of_arms_of_Ecuador.svg\/250px-Coat_of_arms_of_Ecuador.svg.png\" class=\"alignright\" width=\"250\" height=\"300\" \/><\/p>\n<p>HOY, 31 DE OCTUBRE SE CELEBRA EL D\u00cdA DEL ESCUDO NACIONAL.<br \/>\nEl 6 de noviembre de 1845 fue creado y legislado, y reglamentado el 31 de octubre de 1900.<br \/>\nSOBRE EL BLAS\u00d3N ENCONTRAMOS: Escudo ovalado de campo azur, en cuya parte superior se encuentra el sol sobrepuesto a una parte de la franja zodiacal con los signos de Aries, Tauro, G\u00e9minis y C\u00e1ncer. En su parte central, el volc\u00e1n Chimborazo de nieves perpetuas de las cuales nace un r\u00edo, en representaci\u00f3n del Guayas. En la parte inferior del escudo y sobre la desembocadura del r\u00edo, se encuentra un barco a vapor revestido con los colores de la bandera nacional.<br \/>\nSOBRE EL TIMBRE: C\u00f3ndor de los Andes en actitud de levantar el vuelo, mirando a la derecha.<br \/>\nSOBRE EL TENANTE: A cada costado, dos banderas nacionales. En medio de ellas asoman dos ramas, la diestra de laurel y la siniestra de palma.<\/p>\n<p>En la actualidad, es muy poco recordado esta fecha por nosotros, ya que muchos se dejan llevar por la onda de otra festividad propia de los Estados Unidos, es cierto que puede ser muy llamativa y sonada, y que otros pa\u00edses tambi\u00e9n la celebran... pero chicos! no olvidemos nuestra identidad y demos prioridad a lo  nuestro.. recuerden ECUADOR PRIMERO! \ud83d\ude42 <\/p>\n","protected":false},"excerpt":{"rendered":"<p>HOY, 31 DE OCTUBRE SE CELEBRA EL D\u00cdA DEL ESCUDO NACIONAL. El 6 de noviembre de 1845 fue creado y legislado, y reglamentado el 31 de octubre de 1900. SOBRE EL BLAS\u00d3N ENCONTRAMOS: Escudo ovalado de campo azur, en cuya parte superior se encuentra el sol sobrepuesto a una parte de la franja zodiacal con [&hellip;]<\/p>\n","protected":false},"author":8119,"featured_media":0,"comment_status":"open","ping_status":"open","sticky":false,"template":"","format":"standard","meta":{"footnotes":""},"categories":[818],"tags":[],"class_list":["post-97","post","type-post","status-publish","format-standard","hentry","category-sin-categoria"],"_links":{"self":[{"href":"https:\/\/blog.espol.edu.ec\/andeandr\/wp-json\/wp\/v2\/posts\/97","targetHints":{"allow":["GET"]}}],"collection":[{"href":"https:\/\/blog.espol.edu.ec\/andeandr\/wp-json\/wp\/v2\/posts"}],"about":[{"href":"https:\/\/blog.espol.edu.ec\/andeandr\/wp-json\/wp\/v2\/types\/post"}],"author":[{"embeddable":true,"href":"https:\/\/blog.espol.edu.ec\/andeandr\/wp-json\/wp\/v2\/users\/8119"}],"replies":[{"embeddable":true,"href":"https:\/\/blog.espol.edu.ec\/andeandr\/wp-json\/wp\/v2\/comments?post=97"}],"version-history":[{"count":4,"href":"https:\/\/blog.espol.edu.ec\/andeandr\/wp-json\/wp\/v2\/posts\/97\/revisions"}],"predecessor-version":[{"id":101,"href":"https:\/\/blog.espol.edu.ec\/andeandr\/wp-json\/wp\/v2\/posts\/97\/revisions\/101"}],"wp:attachment":[{"href":"https:\/\/blog.espol.edu.ec\/andeandr\/wp-json\/wp\/v2\/media?parent=97"}],"wp:term":[{"taxonomy":"category","embeddable":true,"href":"https:\/\/blog.espol.edu.ec\/andeandr\/wp-json\/wp\/v2\/categories?post=97"},{"taxonomy":"post_tag","embeddable":true,"href":"https:\/\/blog.espol.edu.ec\/andeandr\/wp-json\/wp\/v2\/tags?post=97"}],"curies":[{"name":"wp","href":"https:\/\/api.w.org\/{rel}","templated":true}]}}