{"id":58,"date":"2013-06-04T15:36:02","date_gmt":"2013-06-04T15:36:02","guid":{"rendered":"http:\/\/blog.espol.edu.ec\/anderuil\/?p=58"},"modified":"2013-06-05T03:45:39","modified_gmt":"2013-06-05T03:45:39","slug":"quien-es-coco-chanel-para-mi","status":"publish","type":"post","link":"https:\/\/blog.espol.edu.ec\/anderuil\/2013\/06\/04\/quien-es-coco-chanel-para-mi\/","title":{"rendered":"Coco Chanel \u00bfQui\u00e9n realmente es para mi?"},"content":{"rendered":"<blockquote><p><img loading=\"lazy\" decoding=\"async\" class=\"aligncenter\" style=\"line-height: 24px\" src=\"http:\/\/laportegna.files.wordpress.com\/2013\/04\/coco-vistiendo.jpeg\" alt=\"\" width=\"468\" height=\"376\" \/>Una mujer despota, cruel, de derechas, trabajadora, amante del arte, un toro negro que sali\u00f3 del orfanato m\u00e1s triste para convertirse en la diva de la alta costura. De sombrerera y florero de muchos duques y ricos, a empresaria hasta el d\u00eda de su muerte. Nunca acept\u00f3 su nacimiento en una familia desgraciada, siempre adornando esa infancia, hasta con su bi\u00f3grafo.<\/p>\n<p>Una visionaria que acert\u00f3 en su \u00e9poca. Y no voy a hablar de poner a todas las mujeres morenas, por ejemplo. Su gran \u00e9xito fue dejar atr\u00e1s los cors\u00e9s y la ropa incomoda de mujer para ponerle ropa holgada, y de lineas rectas, de tweed, lana, jersey,\u2026 Tambi\u00e9n hay que decir que la guerra le ayud\u00f3 con la moda, ya que con los hombres en la guerra eran las mujeres quienes tenian que trabajar en f\u00e1bricas o en el campo, y claro, para eso <a title=\"chanel\" href=\"http:\/\/www.chanel.com\">Chanel<\/a> ten\u00eda la soluci\u00f3n al vestuario. Los Chaneles al principio eran ropa para que las mujeres trabajaran, pero con estilo. Por eso su corte de pelo a lo <a title=\"Gar\u00e7onne\" href=\"http:\/\/es.wikipedia.org\/wiki\/Gar%C3%A7onne\" target=\"_blank\">gar\u00e7onne<\/a> fue todo un boom.<br \/>\nSu ropa se inspir\u00f3 en su vida misma.<br \/>\n- Cuando sali\u00f3 con un amante del Polo, puso a las mujeres enfundadas en pantalones para montar a caballo. Antes mujeres y pantalones era impensable.<br \/>\n- Cuando muri\u00f3 el \u00fanico hombre del que estubo realmente enamorada visit\u00f3 a todas las mujeres de negro<br \/>\n\"Le style ce moi\" Dec\u00eda siempre.<br \/>\nNo fue una mujer moderna, al contrario, de mentalidad bastante cerrada (claro que por la \u00e9poca es lo normal). por ejemplo Coco hablando de Gays:<br \/>\n\"El invertido es enemigo de las mujeres, sin embargo, esta poseido por ella. Cuando la mujer es tonta, ve en \u00e9l a un ser d\u00e9bil, divertido y poco peligroso; cuando es inteligente, tiene la sensaci\u00f3n de que \u00e9l la comprende y le presta atenci\u00f3n. Dado que las mujeres aman la baba de los cumplidos y solo los pederastas son capaces de adular en exceso, son para ellos agua para su molino\u2026 Los invertidos siempre se postran a los pies de las mujeres: Mi belleza, mi dulzura, mi \u00e1ngel, mi hechizera\".<br \/>\nCoco hablando de Salvador Dal\u00ed (el cual fue su amante \"para fastidiar a Gala\", seg\u00fan sus palabras):<br \/>\n\"Siempre iba con Gala, esa sombra desagradable\"<br \/>\n\"Por favor, deja tus locuras en el armario\" Le ped\u00eda cada vez que se ve\u00edan.<br \/>\nSalvador Dal\u00ed, fue el \u00fanico pintor del que Coco posei\u00f3 un cuadro. Unas espigas de trigo sobre fondo negro. Las espigas son el fetiche de la alta costura, y solo por eso ocup\u00f3 una pared en la rue Cambon de Par\u00eds.<br \/>\nPaco Rabanne dijo de ella:<br \/>\n\"La Chanel nos trataba tan mal a los hombres! \u00bfComo nos calificaba? \u00a1De pederastas!\".<\/p>\n<p>Personalmente la envidio en muchos sentidos: luchadora y tenaz, aunque puede que ese aire de grandeza y esa aura de misterio que la envolv\u00eda es lo que menos deseo. Pero sobretodo, esa pizca de cr\u00edtica que sal\u00eda de su boca fuera lo m\u00e1s importante. Se supo imponer en un mundo de hombres mientras las otras f\u00e9minas solamente se miraban al espejo. Desprendi\u00f3 admiraci\u00f3n y respeto por esos mismos hombres que a su vez pensaban que una mujer no pod\u00eda entender de moda.<br \/>\nY me despido con una frase feminista y fant\u00e1stica sobre los dise\u00f1adores masculinos de la \u00e9poca salida de la boca de Gabrielle:<br \/>\n\"Lo hacen por el perverso placer que sienten al desnudarnos. Si no les gustan las mujeres que vistan a los hombres!\"<\/p><\/blockquote>\n","protected":false},"excerpt":{"rendered":"<p>Una mujer despota, cruel, de derechas, trabajadora, amante del arte, un toro negro que sali\u00f3 del orfanato m\u00e1s triste para convertirse en la diva de la alta costura. De sombrerera y florero de muchos duques y ricos, a empresaria hasta &hellip; <a href=\"https:\/\/blog.espol.edu.ec\/anderuil\/2013\/06\/04\/quien-es-coco-chanel-para-mi\/\">Sigue leyendo <span class=\"meta-nav\">&rarr;<\/span><\/a><\/p>\n","protected":false},"author":8562,"featured_media":0,"comment_status":"open","ping_status":"open","sticky":false,"template":"","format":"standard","meta":{"footnotes":""},"categories":[818],"tags":[],"class_list":["post-58","post","type-post","status-publish","format-standard","hentry","category-sin-categoria"],"_links":{"self":[{"href":"https:\/\/blog.espol.edu.ec\/anderuil\/wp-json\/wp\/v2\/posts\/58","targetHints":{"allow":["GET"]}}],"collection":[{"href":"https:\/\/blog.espol.edu.ec\/anderuil\/wp-json\/wp\/v2\/posts"}],"about":[{"href":"https:\/\/blog.espol.edu.ec\/anderuil\/wp-json\/wp\/v2\/types\/post"}],"author":[{"embeddable":true,"href":"https:\/\/blog.espol.edu.ec\/anderuil\/wp-json\/wp\/v2\/users\/8562"}],"replies":[{"embeddable":true,"href":"https:\/\/blog.espol.edu.ec\/anderuil\/wp-json\/wp\/v2\/comments?post=58"}],"version-history":[{"count":7,"href":"https:\/\/blog.espol.edu.ec\/anderuil\/wp-json\/wp\/v2\/posts\/58\/revisions"}],"predecessor-version":[{"id":68,"href":"https:\/\/blog.espol.edu.ec\/anderuil\/wp-json\/wp\/v2\/posts\/58\/revisions\/68"}],"wp:attachment":[{"href":"https:\/\/blog.espol.edu.ec\/anderuil\/wp-json\/wp\/v2\/media?parent=58"}],"wp:term":[{"taxonomy":"category","embeddable":true,"href":"https:\/\/blog.espol.edu.ec\/anderuil\/wp-json\/wp\/v2\/categories?post=58"},{"taxonomy":"post_tag","embeddable":true,"href":"https:\/\/blog.espol.edu.ec\/anderuil\/wp-json\/wp\/v2\/tags?post=58"}],"curies":[{"name":"wp","href":"https:\/\/api.w.org\/{rel}","templated":true}]}}