{"id":12,"date":"2009-11-11T12:53:30","date_gmt":"2009-11-11T17:53:30","guid":{"rendered":"http:\/\/blog.espol.edu.ec\/andreita06ec\/?p=12"},"modified":"2009-11-20T21:22:28","modified_gmt":"2009-11-21T02:22:28","slug":"mi-lindo-y-querido-ecuador-del-alma","status":"publish","type":"post","link":"https:\/\/blog.espol.edu.ec\/andreita06ec\/2009\/11\/11\/mi-lindo-y-querido-ecuador-del-alma\/","title":{"rendered":"MI LINDO Y QUERIDO ECUADOR DEL ALMA"},"content":{"rendered":"<p style=\"text-align: center\"><span style=\"color: #000000\"><br \/>\n<\/span><br \/>\n<object width=\"425\" height=\"344\" data=\"http:\/\/www.youtube.com\/v\/xM-o1eesn4M&amp;hl=es_ES&amp;fs=1&amp;color1=0xcc2550&amp;color2=0xe87a9f\" type=\"application\/x-shockwave-flash\"><param name=\"allowFullScreen\" value=\"true\" \/><param name=\"allowscriptaccess\" value=\"always\" \/><param name=\"src\" value=\"http:\/\/www.youtube.com\/v\/xM-o1eesn4M&amp;hl=es_ES&amp;fs=1&amp;color1=0xcc2550&amp;color2=0xe87a9f\" \/><param name=\"allowfullscreen\" value=\"true\" \/><\/object><\/p>\n<p>Ecuador, es un pa\u00eds multi\u00e9tnico pluricultural, que est\u00e1 ubicado \u00a0en el noroeste de Am\u00e9rica del Sur. limita por el Norte con Colombia, al Sur y al Este con Per\u00fa y al Oeste con el Oc\u00e9ano Pac\u00edfico.<\/p>\n<p style=\"text-align: justify\">Con una gran riqueza natural, cultural y arqueol\u00f3gica est\u00e1 situado en \u00a0plena L\u00ednea Ecuatorial o latitud cero. Tiene una extensi\u00f3n de \u00a0256.370 kil\u00f3metros cuadrados de superficie, lo que evidencia que es el m\u00e1s peque\u00f1o de los pa\u00edses andinos pero cuenta con la mayor biodiversidad por metro cuadrado del continente.<\/p>\n<p style=\"text-align: justify\">Su capital es San Francisco de Quito y su ciudad m\u00e1s grande es Santiago de Guayaquil, puerto mar\u00edtimo principal e importante centro econ\u00f3mico. Nuestro querido pa\u00eds se divide en 24 provincias, distribuidas en cuatro regiones naturales: Costa, Sierra Amazon\u00eda y Regi\u00f3n Insular.<\/p>\n<p style=\"text-align: center\"><img loading=\"lazy\" decoding=\"async\" class=\"aligncenter size-thumbnail wp-image-43\" src=\"http:\/\/blog.espol.edu.ec\/andreita06ec\/files\/2009\/11\/450px-ecuador_provinces-numberssvg-150x150.png\" alt=\"450px-ecuador_provinces-numberssvg\" width=\"150\" height=\"150\" srcset=\"https:\/\/blog.espol.edu.ec\/andreita06ec\/files\/2009\/11\/450px-ecuador_provinces-numberssvg-150x150.png 150w, https:\/\/blog.espol.edu.ec\/andreita06ec\/files\/2009\/11\/450px-ecuador_provinces-numberssvg-300x300.png 300w, https:\/\/blog.espol.edu.ec\/andreita06ec\/files\/2009\/11\/450px-ecuador_provinces-numberssvg.png 450w\" sizes=\"auto, (max-width: 150px) 100vw, 150px\" \/><\/p>\n<p class=\"MsoNormal\" style=\"text-align: justify\"><strong><span>Geograf\u00eda<\/span><\/strong><\/p>\n<p class=\"MsoNormal\" style=\"text-align: justify\"><span>Ecuador est\u00e1 dividido en cuatro regiones geogr\u00e1ficas: la Costa, o planicie costera, que cubre un poco m\u00e1s de un cuarto de la superficie del pa\u00eds, es una de las regiones m\u00e1s f\u00e9rtiles y ricas del pa\u00eds; la Sierra, o altas tierras centrales, est\u00e1 compuesta de una doble cadena de monta\u00f1as elevadas y macizas circundando una serie de mesetas; el Oriente, o jungla oriental, que cubre alrededor de la mitad del territorio, est\u00e1 constitu\u00edda por vertientes de pendiente suave situadas al este de los andes; por \u00faltimo, las islas Gal\u00e1pagos comprenden seis islas principales y una docena de islas m\u00e1s peque\u00f1as que contienen numerosas cimas volc\u00e1nicas, apagadas en su mayor parte. La regi\u00f3n de la Sierra se sit\u00faa entre dos cadenas andinas, la Cordillera occidental (con la cima m\u00e1s elevada del pa\u00eds, el Chimborazo, que culmina a 6310 m) y la Cordillera oriental o real. Ella contiene m\u00e1s de una docena de picos de una altitud superior a 5000 m, entre ellos el Cotopaxi (5897 m), uno de los volcanes en actividad m\u00e1s elevados del mundo.<\/span><\/p>\n<p class=\"MsoNormal\" style=\"text-align: justify\"><span>Aunque situado al nivel del ecuador, el pa\u00eds dispone de una gran variedad de climas, en raz\u00f3n de las diferencias de altitud. La Costa es generalmente c\u00e1lida y h\u00fameda, con una temperatura anual media de alrededor de 26\u00b0C. En la Sierra, las temperaturas se escalonan entre 7\u00b0C y 21\u00b0C. La ciudad de Quito, situada a 2850 m por encima del nivel del mar, posee una temperatura anual media de 13\u00b0C. La regi\u00f3n del Oriente es a\u00fan m\u00e1s c\u00e1lida y m\u00e1s h\u00fameda que la costa: las temperaturas est\u00e1n pr\u00f3ximas a 38\u00b0C.<\/span><\/p>\n<p class=\"MsoNormal\" style=\"text-align: justify\"><span>El archipi\u00e9lago de las Gal\u00e1pagos posee numerosas especies animales y constituye as\u00ed una reserva natural.<\/span><\/p>\n<p class=\"MsoNormal\" style=\"text-align: justify\"><strong><span>Relieve<\/span><\/strong><\/p>\n<p class=\"MsoNormal\" style=\"text-align: justify\"><span>Las principales unidades del relieve ecuatoriano son la llanura costera al norte del\u00a0Golfo de Guayaquil, la secci\u00f3n de la\u00a0Cordillera de los Andes en el centro del pa\u00eds y un extenso sector de la llanura amaz\u00f3nica ubicado al oriente del pa\u00eds.<\/span><\/p>\n<p class=\"MsoNormal\" style=\"text-align: justify\"><span>Hacia el suroeste se ubica el\u00a0Golfo de Guayaquil, donde desemboca el r\u00edo Guayas en el Oc\u00e9ano Pac\u00edfico. Muy cerca de\u00a0Quito, la capital, sobre la cordillera de los\u00a0Andes, se alza el\u00a0Cotopaxi, el volc\u00e1n activo m\u00e1s alto del mundo. El punto m\u00e1s alto del Ecuador es el\u00a0volc\u00e1n Chimborazo, con 6.313\u00a0metros de altura sobre el nivel del mar y cuya cima es el lugar m\u00e1s lejano al n\u00facleo de la\u00a0tierra debido a la silueta\u00a0el\u00edptica del planeta.<\/span><\/p>\n<p class=\"MsoNormal\" style=\"text-align: justify\"><strong><span>Hidrograf\u00eda<\/span><\/strong><\/p>\n<p class=\"MsoNormal\" style=\"text-align: justify\"><span><img loading=\"lazy\" decoding=\"async\" class=\"alignleft size-thumbnail wp-image-45\" src=\"http:\/\/blog.espol.edu.ec\/andreita06ec\/files\/2009\/11\/180px-ecuador_cajas_national_park-150x118.jpg\" alt=\"180px-ecuador_cajas_national_park\" width=\"150\" height=\"118\" \/><\/span><\/p>\n<p class=\"MsoNormal\" style=\"text-align: justify\"><span>La cordillera andina es el <\/span><em><span>divortium aquarum<\/span><\/em><span> <\/span><span>entre la cuenca hidrogr\u00e1fica del\u00a0r\u00edo Amazonas, que discurre hacia el este, y del Pac\u00edfico, que incluye de norte a sur los r\u00edos: Mataje, Santiago,\u00a0Esmeraldas,\u00a0Chone,\u00a0Guayas, Jubones y Puyango-Tumbes.<\/span><\/p>\n<p class=\"MsoNormal\" style=\"text-align: justify\"><span><br \/>\n<\/span><\/p>\n<p class=\"MsoNormal\" style=\"text-align: justify\">\n<p class=\"MsoNormal\" style=\"text-align: justify\"><strong><span>Clima<\/span><\/strong><\/p>\n<p class=\"MsoNormal\" style=\"text-align: justify\"><span><img loading=\"lazy\" decoding=\"async\" class=\"alignright size-thumbnail wp-image-46\" src=\"http:\/\/blog.espol.edu.ec\/andreita06ec\/files\/2009\/11\/180px-chimborazo_seen_from_highway-150x135.jpg\" alt=\"180px-chimborazo_seen_from_highway\" width=\"150\" height=\"135\" \/>Debido a la presencia de la cordillera de los Andes y seg\u00fan la influencia del mar, el Ecuador continental se halla climatol\u00f3gicamente fragmentado en diversos sectores. Adem\u00e1s, a causa de su ubicaci\u00f3n tropical, cada zona clim\u00e1tica presenta s\u00f3lo dos estaciones definidas:\u00a0h\u00fameda y\u00a0seca. Tanto en la Costa como en el Oriente la temperatura oscila entre los 20\u00a0\u00b0C y 33\u00a0\u00b0C, mientras que en la sierra, \u00e9sta suele estar entre los 8\u00a0\u00b0C y 23\u00a0\u00b0C. La estaci\u00f3n h\u00fameda se extiende entre diciembre y mayo en la costa, entre noviembre a abril en la sierra y de enero a septiembre en la\u00a0Amazon\u00eda.<\/span><\/p>\n<p class=\"MsoNormal\" style=\"text-align: justify\"><span>Gal\u00e1pagos tiene un clima m\u00e1s bien templado y su temperatura oscila entre 22 y 32 grados cent\u00edgrados, aproximadamente.<\/span><\/p>\n<p class=\"MsoNormal\" style=\"text-align: justify\"><strong><span>Flora y Fauna<\/span><\/strong><\/p>\n<p class=\"MsoNormal\" style=\"text-align: justify\"><strong><span><img loading=\"lazy\" decoding=\"async\" class=\"alignleft size-thumbnail wp-image-47\" src=\"http:\/\/blog.espol.edu.ec\/andreita06ec\/files\/2009\/11\/150px-geochelone_nigra1-150x150.png\" alt=\"150px-geochelone_nigra1\" width=\"150\" height=\"150\" \/><\/span><\/strong><\/p>\n<p class=\"MsoNormal\" style=\"text-align: justify\"><span>Posee una rica fauna y flora por lo que se encuentra dentro de la lista de\u00a0pa\u00edses megadiversos.<\/span><sup><span>21<\/span><\/sup><span> <\/span><span>En efecto, el bioma de\u00a0selva o bosque tropical se extiende por la mayor parte de su territorio, mientras que en el occidente, adyacente a la costa, se encuentra tambi\u00e9n el bioma del\u00a0bosque seco y de los\u00a0manglares. En las alturas cordilleranas, se hallan dispersos adem\u00e1s los bosques andinos y los\u00a0p\u00e1ramos. El occidente forma parte del\u00a0Choc\u00f3 biogeogr\u00e1fico y el Oriente, de la\u00a0Amazon\u00eda.<\/span><\/p>\n<p class=\"MsoNormal\" style=\"text-align: justify\"><span>Las islas Gal\u00e1pagos poseen una gran variedad de especies end\u00e9micas, las cuales en su momento fueron estudiadas por el c\u00e9lebre naturalista ingl\u00e9s\u00a0Charles Darwin, lo cual le permiti\u00f3 desarrollar su teor\u00eda de la\u00a0evoluci\u00f3n por\u00a0selecci\u00f3n natural. Las islas han ganado fama a nivel mundial debido a la particularidad de su fauna, especialmente de las tortugas conocidas como \"gal\u00e1pagos\". Adem\u00e1s en La provincia de Esmeraldas en un lugar conocido como Majagual, se encuentran los manglares m\u00e1s altos del mundo.<!--more--><\/span><\/p>\n<p class=\"MsoNormal\" style=\"text-align: justify\"><strong><span>Demograf\u00eda<\/span><\/strong><\/p>\n<p class=\"MsoNormal\" style=\"text-align: justify\"><span>Los datos generados por\u00a0INEC (Instituto Ecuatoriano de Estad\u00edsticas y Censos), informan que en febrero de 2009, aproximadamente 14.000.000 de personas habitan Ecuador.<\/span><sup><span>22<\/span><\/sup><span>En lo referente al sexo de la poblaci\u00f3n, se puede establecer que alrededor del 49,4% se encuentra compuesta por hombres, y un 50,6% por mujeres. Estas cifras var\u00edan a\u00fan m\u00e1s a favor de las mujeres en las provincias de la sierra central ecuatoriana.<\/span><sup><span>23<\/span><\/sup><span> <\/span><span>Aproximadamente el 54% de la poblaci\u00f3n reside en los centros urbanos, mientras el resto se desenvuelve en el medio rural.<\/span><\/p>\n<p class=\"MsoNormal\" style=\"text-align: justify\"><span>Guayaquil es la ciudad m\u00e1s poblada Ecuador, con alrededor de 3.800.000 de habitantes en su \u00e1rea metropolitana en 2008. Es el polo de concentraci\u00f3n de las ciudades del sur de la costa, el puerto principal del Ecuador por donde entran y salen aproximadamente el 70% de las importaciones y exportaciones del pa\u00eds. En segundo lugar esta el distrito metropolitano de Quito que cuenta con 2.400.000 habitantes, siendo la sede de gobierno donde se concentran los poderes del estado. La tercera ciudad del pa\u00eds es\u00a0Cuenca con 500.000 habitantes. Fue la segunda capital del imperio Inca y es un importante centro cultural del pa\u00eds. Le sigue Manta con 400.000 habitantes, principal puerto pesquero,Babahoyo con 300.000 habitantes, es el puerto fluvial m\u00e1s importante del pa\u00eds. La quinta ciudad es\u00a0Loja que cuenta con m\u00e1s de 200.000 habitantes. Despu\u00e9s est\u00e1n\u00a0Ambato,Machala,\u00a0Dur\u00e1n,\u00a0Portoviejo,\u00a0Esmeraldas,\u00a0Milagro,\u00a0Chone,\u00a0Jipijapa,\u00a0Santo Domingo y\u00a0Salinas.<\/span><\/p>\n<p class=\"MsoNormal\" style=\"text-align: justify\"><strong><span>Etnograf\u00eda<\/span><\/strong><\/p>\n<p class=\"MsoNormal\" style=\"text-align: justify\"><span>De poblaci\u00f3n \u00e9tnicamente diversa, siendo la de origen\u00a0mestizo (ind\u00edgena + espa\u00f1ol) el grupo m\u00e1s numeroso y representativo del ecuatoriano com\u00fan, constituyendo \u00e9ste el 55% de la poblaci\u00f3n actual. Los\u00a0amerindios, pertenecientes a diversas nacionalidades o agrupaciones ind\u00edgenas representan alrededor del 20%. Los cauc\u00e1sicos, en su mayor\u00eda descendientes de espa\u00f1oles como tambi\u00e9n de otros europeos conforman el 15%. El resto de la poblaci\u00f3n se compone de mestizos negros y afros que conforman el 6% del total de la poblaci\u00f3n, estos se encuentran concentrados principalmente en el norte del pa\u00eds. La mayor\u00eda est\u00e1n ubicados en la provincia de\u00a0Esmeraldas, en menor medida en el Valle del Chota (provincia de\u00a0Imbabura), y un peque\u00f1o porcentaje que vive en el sur oeste de Guayaquil y norte de Quito (La Rold\u00f3s).<\/span><sup><span>24<\/span><\/sup><span> <\/span><span>Hubo tambi\u00e9n una significativa inmigraci\u00f3n desde el Medio Oriente, libaneses, sirios, palestinos, jordanos, quienes se concentraron en el Litoral por el comercio, algunos desempe\u00f1ado un rol pol\u00edtico como: Abdal\u00e1 Bucaram, Alberto Dahik, Jamil Mahuad, Roberto Isa\u00edas Dassum, Jorge Mar\u00fan, entre otros. Como tambi\u00e9n jud\u00edos que desarrollaron muchas empresas farmac\u00e9uticas, y apoyaron a la ciencia del pa\u00eds como Roberto Gildred, Isaac J Aboab, N, Dunham, C.U Hallestrom. La colonia china acentuada en la provincia de los Rios y Guayas. Todos estos grupos conforman el 4% de los ecuatorianos.<\/span><\/p>\n<p class=\"MsoNormal\" style=\"text-align: justify\"><strong><span>Econom\u00eda<\/span><\/strong><\/p>\n<p class=\"MsoNormal\" style=\"text-align: justify\"><span>La econom\u00eda de Ecuador es la\u00a0octava m\u00e1s grande de Am\u00e9rica Latina y experiment\u00f3 un crecimiento promedio del 4,6% entre 2000 y 2006.<\/span><sup><span>26<\/span><\/sup><span> <\/span><span>En enero de 2009, el\u00a0Banco Central del Ecuador (BCE) situ\u00f3 la previsi\u00f3n de crecimiento de 2008 en un 6,88%.<\/span><sup><span>27<\/span><\/sup><span> <\/span><span>El\u00a0PIB per c\u00e1pita se duplic\u00f3 entre 1999 y el 2007, alcanzando los 65.490 millones de d\u00f3lares seg\u00fan el BCE.<\/span><sup><span>28<\/span><\/sup><span> <\/span><span>La\u00a0inflaci\u00f3n al consumidor hasta enero de 2008 estuvo situada alrededor del 1.14%, el m\u00e1s alto registrado en el \u00faltimo a\u00f1o, seg\u00fan el\u00a0INEC. La tasa mensual de desemplo se mantuvo en alrededor de 6 y 8 cifras desde diciembre de 2007 hasta septiembre de 2008, sin embargo, est\u00e1 subi\u00f3 a alrededor de 9 cifras en octubre y volvi\u00f3 a bajar en noviembre de 2008 a 8 cifras.<\/span><sup><span>29<\/span><\/sup><span> <\/span><span>Se calcula que alrededor de 7 millones de ecuatorianos tienen una ocupaci\u00f3n econ\u00f3mica y unos 3 millones est\u00e1n inactivos (es decir, no requieren trabajar).<\/span><sup><span>30<\/span><\/sup><\/p>\n<p class=\"MsoNormal\" style=\"text-align: justify\"><span>En 1998, el 10\u00a0% de la poblaci\u00f3n m\u00e1s rica ten\u00eda el 42,5\u00a0% de la renta, mientras que el 10\u00a0% de la poblaci\u00f3n m\u00e1s pobre solamente contaba con el 0,6\u00a0% de la renta. Durante el mismo a\u00f1o, el 7,6\u00a0% del gasto en salud p\u00fablica fue a parar al 20\u00a0% de la poblaci\u00f3n pobre, mientras que el 20\u00a0% de la poblaci\u00f3n rica recibi\u00f3 el 38,1\u00a0% de este mismo gasto. La tasa de pobreza extrema ha disminuido significativamente entre 1999 y el 2005. En el 2001 se estim\u00f3 en un 45\u00a0% de la poblaci\u00f3n, mientras que para el 2004 la cifra baj\u00f3 a un 25\u00a0% del total de la poblaci\u00f3n. Esto se explica en gran parte por la emigraci\u00f3n, as\u00ed como la estabilidad econ\u00f3mica lograda tras la\u00a0dolarizaci\u00f3n.<\/span><sup><span>31<\/span><\/sup><span> <\/span><span>Las tasas de pobreza eran m\u00e1s elevadas para las poblaciones ind\u00edgenas, afro-descendientes y rurales, alcanzando al 87\u00a0% de la poblaci\u00f3n nativa<\/span><sup><span>32<\/span><\/sup><\/p>\n<p class=\"MsoNormal\" style=\"text-align: justify\"><span>El petr\u00f3leo representa el 40% de las exportaciones y contribuye a mantener una balanza comercial positiva. Desde finales de los a\u00f1os 60, la explotaci\u00f3n del petr\u00f3leo elev\u00f3 la producci\u00f3n y sus reservas se calculan en unos 280 millones de barriles aproximadamente. La balanza comercial total para enero del 2008 alcanz\u00f3 un super\u00e1vit de casi 818 millones de d\u00f3lares, una cifra gigantesca comparada con el super\u00e1vit de 2007, que alcanz\u00f3 un super\u00e1vit de 5,7 millones de d\u00f3lares, el super\u00e1vit tuvo una disminuci\u00f3n de alrededor de 425 millones comparado con el del 2006. Esta circunstancia se dio ya que importaciones, crecieron m\u00e1s r\u00e1pido que las exportaciones. La balanza comercial petrolera gener\u00f3 una cifra positiva de 3,295 millones de d\u00f3lares en el 2008; mientras la no petrolera fue negativa por un monto de 2,842 millones de d\u00f3lares. Esto permiti\u00f3 un d\u00e9ficit comercial, sin considerar el petr\u00f3leo, de un 19% en relaci\u00f3n al a\u00f1o pasado. La balanza comercial con\u00a0Estados Unidos,\u00a0Chile, la\u00a0Uni\u00f3n Europea y los pa\u00edses europeos que son socios de Ecuador,\u00a0Bolivia,\u00a0Per\u00fa es positiva, en cambio con\u00a0Brasil,\u00a0M\u00e9xico,\u00a0Argentina,\u00a0Colombia,\u00a0Asia, es negativa.<\/span><sup><span>33<\/span><\/sup><\/p>\n<p class=\"MsoNormal\" style=\"text-align: justify\"><span>En el sector agr\u00edcola, Ecuador es un importante exportador de\u00a0bananas (primer lugar a nivel mundial en su producci\u00f3n y exportaci\u00f3n), de flores, y el octavo productor mundial de\u00a0cacao. Es significativa tambi\u00e9n su producci\u00f3n de camar\u00f3n, ca\u00f1a de az\u00facar, arroz, algod\u00f3n, ma\u00edz, palmitos y caf\u00e9. Su riqueza maderera comprende grandes extensiones de eucalipto en todo el pa\u00eds, as\u00ed como manglar. Pinos y cedros son plantados en la regi\u00f3n de la Sierra; nogales y\u00a0romerillo; y\u00a0madera de balsa, en la cuenca del r\u00edo Guayas. Por otra parte, la industria se concentra principalmente en\u00a0Guayaquil, el mayor centro productor del pa\u00eds, y en\u00a0Quitodonde en los \u00faltimos a\u00f1os la industria ha crecido considerablemente, pero tambi\u00e9n existen algunas f\u00e1bricas en\u00a0Cuenca. La producci\u00f3n industrial est\u00e1 dirigida principalmente al mercado interno. Pese a lo anterior, existe una limitada exportaci\u00f3n de productos elaborados o procesados industrialmente. Entre \u00e9stos destacan los alimentos enlatados, licores, joyas y muebles.<\/span><\/p>\n<p class=\"MsoNormal\" style=\"text-align: justify\"><span>Ecuador ha negociado tratados bilaterales con otros pa\u00edses, adem\u00e1s de pertenecer a la Comunidad Andina de Naciones, y ser miembro asociado de Mercosur. Tambi\u00e9n es miembro de la\u00a0Organizaci\u00f3n Mundial del Comercio (OMC), adem\u00e1s del\u00a0Banco Interamericano de Desarrollo (BID),\u00a0Banco Mundial,\u00a0Fondo Monetario Internacional (FMI),\u00a0Corporaci\u00f3n Andina de Fomento (CAF), y otros organismos multilaterales. En abril de 2007 Ecuador pag\u00f3 por completo su deuda con el FMI terminando as\u00ed una etapa de intervencionismo de este Organismo en el pa\u00eds. En el 2007, se cre\u00f3 la\u00a0Uni\u00f3n de Naciones Sudamericanas (UNASUR), con sede en Quito, y cuyo primer Secretario General es el ex Presidente ecuatoriano\u00a0Rodrigo Borja Cevallos. Tambi\u00e9n se ha estado negociando la creaci\u00f3n del\u00a0Banco del Sur, junto con seis otras naciones sudamericanas. Ecuador realiz\u00f3 negociaciones para la firma de un Tratado de Libre Comercio con Estados Unidos, pero con la elecci\u00f3n del Presidente Correa estas negociaciones fueron suspendidas.<\/span><\/p>\n<p class=\"MsoNormal\" style=\"text-align: justify\"><span>El sistema p\u00fablico financiero del Ecuador est\u00e1 conformado por el BCE, el\u00a0Banco Nacional de Fomento (BNF), el\u00a0Banco del Estado, la\u00a0Corporaci\u00f3n Financiera Nacional, el\u00a0Banco Ecuatoriano de la Vivienda (BEV) y el Instituto Ecuatoriano de Cr\u00e9dito Educativo y Becas.<\/span><\/p>\n<p class=\"MsoNormal\" style=\"text-align: justify\"><strong><span>Cultura<\/span><\/strong><\/p>\n<p class=\"MsoNormal\" style=\"text-align: justify\"><span>La cultura convencional est\u00e1 claramente definida por descendientes de europeos; producto de una mezcla de europeo e influencias de amerindio con ciertos elementos de origen africano, heredados de los antepasados esclavos de los afroecuatorianos actuales.<\/span><\/p>\n<p class=\"MsoNormal\" style=\"text-align: justify\"><span>Las comunidades ind\u00edgenas de Ecuador est\u00e1n integradas a la cultura convencional, pero tambi\u00e9n es necesario recalcar que los abor\u00edgenes de los sectores m\u00e1s remotos de la cuenca del Amazonas todav\u00eda viven bastante marginados del resto de la sociedad ecuatoriana y, en gran medida practican tambi\u00e9n sus propias tradiciones. Los\u00a0afroecuatorianos est\u00e1n menos integrados en la mayor\u00eda convencional y, se ven especialmente afectados por el desempleo, la falta de oportunidades reales, poco acceso a la educaci\u00f3n superior y la pobreza, adem\u00e1s de que sufren una cr\u00f3nica falta de servicios p\u00fablicos en sus respectivos sectores.<\/span><\/p>\n<p class=\"MsoNormal\" style=\"text-align: justify\"><strong><span>Idioma<\/span><\/strong><\/p>\n<p class=\"MsoNormal\" style=\"text-align: justify\"><span>El idioma oficial y de relaci\u00f3n intercultural es el\u00a0idioma castellano, con sus\u00a0peculiaridades y modismos propios de cada zona o regi\u00f3n. El\u00a0quichua, el\u00a0shuar, el\u00a0ts\u00e1fiqui y \"dem\u00e1s idiomas ancestrales son de uso oficial para los pueblos ind\u00edgenas, en los t\u00e9rminos que fija la ley\"<\/span><sup><span>35<\/span><\/sup><span> <\/span><span>.<\/span><\/p>\n<p class=\"MsoNormal\" style=\"text-align: justify\"><span>El quichua es hablado y utilizado por el 5% de la poblaci\u00f3n ecuatoriana, especialmente de la Sierra. A pesar de que el ingl\u00e9s no es tomado como parte de la cultura, el 90% de la poblaci\u00f3n lo conoce un ingl\u00e9s b\u00e1sico que se ense\u00f1a en toda escuela p\u00fablica o privada; adem\u00e1s, se lo considera la <\/span><em><span>lingua franca<\/span><\/em><span> <\/span><span>y es requerido para muchos empleos y trabajos.<\/span><\/p>\n<p class=\"MsoNormal\" style=\"text-align: justify\"><span>Debido a las actuales din\u00e1micas socio-migratorias, en los \u00faltimos a\u00f1os, gran cantidad de extranjeros ha llegado al pa\u00eds y utiliza sus idiomas maternos, como el alem\u00e1n, el franc\u00e9s, el portugu\u00e9s, el ruso, el japon\u00e9s.etc. La variedad de idiomas es amplia, aunque hay algunos habitantes que dominan el ingl\u00e9s.<\/span><\/p>\n<p class=\"MsoNormal\" style=\"text-align: justify\"><strong><span>Religi\u00f3n<\/span><\/strong><\/p>\n<p class=\"MsoNormal\" style=\"text-align: justify\"><span>Predomina la religi\u00f3n cristiana\u00a0cat\u00f3lica romana. Se estima que el 95% de ecuatorianos es cat\u00f3lico.<\/span><\/p>\n<p class=\"MsoNormal\" style=\"text-align: justify\"><span>\u00a7\u00a0 El grupo de cristianos\u00a0protestantes del Ecuador no llega m\u00e1s all\u00e1 del 4% de la poblaci\u00f3n nacional.<\/span><\/p>\n<p class=\"MsoNormal\" style=\"text-align: justify\"><span>\u00a7\u00a0 En porcentaje mucho menor, se encuentran quienes profesan las religiones\u00a0musulmana,\u00a0cat\u00f3lica ortodoxa, aut\u00f3ctona ind\u00edgena,\u00a0jud\u00eda,\u00a0budista.<\/span><\/p>\n<p class=\"MsoNormal\" style=\"text-align: justify\"><strong><span>M\u00fasica<\/span><\/strong><\/p>\n<p class=\"MsoNormal\" style=\"text-align: justify\"><span>Ecuador posee una diversidad de estilos musicales tanto aut\u00f3ctonos como populares, y de influencia extranjera. Entre los ritmos locales se destacan ritmos mestizos como el el\u00a0pasacalle, el\u00a0pasillo el\u00a0Yarav\u00ed, ElAlbazo, El\u00a0Bolero El\u00a0requinto El\u00a0pasacalle; Ritmos\u00a0afros como la como la\u00a0bomba del Chota, la\u00a0marimba esmeralde\u00f1a Salsa, Guaracha, Marimba de Esmeraldas, Mambo,\u00a0reggaeton; Ritmos ind\u00edgenas como elsanjuanito musica Folcl\u00f3rica andina. de influencia extranjera como el\u00a0pop, el\u00a0rock, el\u00a0merengue, el\u00a0ska, la\u00a0Electr\u00f3nica, El\u00a0Vallenato,Cumbia, la\u00a0Bachata y el\u00a0heavy metal.<\/span><\/p>\n<p class=\"MsoNormal\" style=\"text-align: justify\"><strong><span>Turismo<\/span><\/strong><\/p>\n<p class=\"MsoNormal\" style=\"text-align: justify\"><span>El Ministerio de Informaci\u00f3n y Turismo fue creado el 10 de agosto de\u00a01992, al inicio del gobierno de\u00a0Sixto Dur\u00e1n Ball\u00e9n, quien visualiz\u00f3 al turismo como una actividad fundamental para el desarrollo econ\u00f3mico y social de los pueblos. Frente al crecimiento del sector tur\u00edstico, en junio de\u00a01994, se tom\u00f3 la decisi\u00f3n de separar al turismo de la informaci\u00f3n, para que se dedique exclusivamente a impulsar y fortalecer esta actividad. Ecuador es un pa\u00eds con una vasta riqueza natural. La diversidad de sus cuatro regiones ha dado lugar a miles de especies de flora y fauna. Cuenta con alrededor de 1640 clases de p\u00e1jaros. Las especies de mariposas bordean las 4.500, los reptiles 345, los anfibios 358 y los mam\u00edferos 258, entre otras. No en vano el Ecuador est\u00e1 considerado como uno de los 17 pa\u00edses donde est\u00e1 concentrada la mayor biodiversidad del planeta. La mayor parte de su fauna y flora vive en 26 \u00e1reas protegidas por el Estado. Asimismo, posee una amplia gama de culturas.<\/span><\/p>\n<p class=\"MsoNormal\" style=\"text-align: justify\"><strong><span>Sociedad<\/span><\/strong><strong><\/strong><\/p>\n<p class=\"MsoNormal\" style=\"text-align: justify\"><span>La poblaci\u00f3n ecuatoriana est\u00e1 estimada en 11.000.000 de habitantes. Alrededor del 80% de ellos son amerindios y mestizos, el 10% son blancos - principalmente de origen espa\u00f1ol - y el 10% son negros. La mitad de los ecuatorianos habita sobre la costa y alrededor del 46% viven en la Sierra.\u00a0 Ecuador est\u00e1 dividido en 20 provincias, a su vez subdivididas en cantones y en comunas urbanas y rurales. Quito, la capital, est\u00e1 situada en los Andes septentrionales. Guayaquil se encuentra en el sudoeste: es un centro comercial y financiero y el principal puerto del pa\u00eds. Cuenca, centro industrial, comercial y tur\u00edstico, as\u00ed como Machala, ciudad comercial, agr\u00edcola y portuaria, son tambi\u00e9n ciudades importantes.<\/span><\/p>\n<h3><span style=\"font-family: mceinline;color: #ff0000\"><br \/>\n<\/span><\/h3>\n<p style=\"text-align: justify\">\n<p style=\"text-align: center\"><!--[if gte mso 9]&gt;  Normal 0   21   false false false  ES-EC X-NONE X-NONE              MicrosoftInternetExplorer4              &lt;![endif]--><!--[if gte mso 9]&gt;                                                                                                                                            &lt;![endif]--> <!--[if gte mso 10]&gt; &lt;!    \/* Style Definitions *\/    table.MsoNormalTable   \t{mso-style-name:\"Tabla normal\";   \tmso-tstyle-rowband-size:0;   \tmso-tstyle-colband-size:0;   \tmso-style-noshow:yes;   \tmso-style-priority:99;   \tmso-style-qformat:yes;   \tmso-style-parent:\"\";   \tmso-padding-alt:0cm 5.4pt 0cm 5.4pt;   \tmso-para-margin-top:0cm;   \tmso-para-margin-right:0cm;   \tmso-para-margin-bottom:10.0pt;   \tmso-para-margin-left:0cm;   \tline-height:115%;   \tmso-pagination:widow-orphan;   \tfont-size:11.0pt;   \tfont-family:\"Calibri\",\"sans-serif\";   \tmso-ascii-font-family:Calibri;   \tmso-ascii-theme-font:minor-latin;   \tmso-fareast-font-family:\"Times New Roman\";   \tmso-fareast-theme-font:minor-fareast;   \tmso-hansi-font-family:Calibri;   \tmso-hansi-theme-font:minor-latin;}  --> <!--[endif]--><\/p>\n","protected":false},"excerpt":{"rendered":"<p>Ecuador, es un pa\u00eds multi\u00e9tnico pluricultural, que est\u00e1 ubicado \u00a0en el noroeste de Am\u00e9rica del Sur. limita por el Norte con Colombia, al Sur y al Este con Per\u00fa y al Oeste con el Oc\u00e9ano Pac\u00edfico. Con una gran riqueza natural, cultural y arqueol\u00f3gica est\u00e1 situado en \u00a0plena L\u00ednea Ecuatorial o latitud cero. Tiene una [&hellip;]<\/p>\n","protected":false},"author":3355,"featured_media":0,"comment_status":"open","ping_status":"open","sticky":false,"template":"","format":"standard","meta":{"footnotes":""},"categories":[13445],"tags":[],"class_list":["post-12","post","type-post","status-publish","format-standard","hentry","category-mi-pais"],"_links":{"self":[{"href":"https:\/\/blog.espol.edu.ec\/andreita06ec\/wp-json\/wp\/v2\/posts\/12","targetHints":{"allow":["GET"]}}],"collection":[{"href":"https:\/\/blog.espol.edu.ec\/andreita06ec\/wp-json\/wp\/v2\/posts"}],"about":[{"href":"https:\/\/blog.espol.edu.ec\/andreita06ec\/wp-json\/wp\/v2\/types\/post"}],"author":[{"embeddable":true,"href":"https:\/\/blog.espol.edu.ec\/andreita06ec\/wp-json\/wp\/v2\/users\/3355"}],"replies":[{"embeddable":true,"href":"https:\/\/blog.espol.edu.ec\/andreita06ec\/wp-json\/wp\/v2\/comments?post=12"}],"version-history":[{"count":7,"href":"https:\/\/blog.espol.edu.ec\/andreita06ec\/wp-json\/wp\/v2\/posts\/12\/revisions"}],"predecessor-version":[{"id":30,"href":"https:\/\/blog.espol.edu.ec\/andreita06ec\/wp-json\/wp\/v2\/posts\/12\/revisions\/30"}],"wp:attachment":[{"href":"https:\/\/blog.espol.edu.ec\/andreita06ec\/wp-json\/wp\/v2\/media?parent=12"}],"wp:term":[{"taxonomy":"category","embeddable":true,"href":"https:\/\/blog.espol.edu.ec\/andreita06ec\/wp-json\/wp\/v2\/categories?post=12"},{"taxonomy":"post_tag","embeddable":true,"href":"https:\/\/blog.espol.edu.ec\/andreita06ec\/wp-json\/wp\/v2\/tags?post=12"}],"curies":[{"name":"wp","href":"https:\/\/api.w.org\/{rel}","templated":true}]}}