{"id":49,"date":"2009-11-20T22:47:55","date_gmt":"2009-11-21T03:47:55","guid":{"rendered":"http:\/\/blog.espol.edu.ec\/andreita06ec\/?p=49"},"modified":"2009-11-20T23:04:26","modified_gmt":"2009-11-21T04:04:26","slug":"puerto-lopez-la-tierra-de-mis-suenos","status":"publish","type":"post","link":"https:\/\/blog.espol.edu.ec\/andreita06ec\/2009\/11\/20\/puerto-lopez-la-tierra-de-mis-suenos\/","title":{"rendered":"PUERTO L\u00d3PEZ, LA TIERRA DE MIS SUE\u00d1OS"},"content":{"rendered":"<p style=\"text-align: justify\">\n<p><img loading=\"lazy\" decoding=\"async\" class=\"aligncenter size-medium wp-image-53\" src=\"http:\/\/blog.espol.edu.ec\/andreita06ec\/files\/2009\/11\/home002-300x193.jpg\" alt=\"home002\" width=\"300\" height=\"193\" srcset=\"https:\/\/blog.espol.edu.ec\/andreita06ec\/files\/2009\/11\/home002-300x193.jpg 300w, https:\/\/blog.espol.edu.ec\/andreita06ec\/files\/2009\/11\/home002.jpg 542w\" sizes=\"auto, (max-width: 300px) 100vw, 300px\" \/><br \/>\n<a href=\"http:\/\/www.glitter-graphics.com\"><img loading=\"lazy\" decoding=\"async\" src=\"http:\/\/dl8.glitter-graphics.net\/pub\/544\/544098kk6o3s8e85.gif\" width=\"100\" height=\"100\" border=\"0\"><\/a><\/p>\n<p style=\"text-align: justify\"><span style=\"font-family: mceinline\">Puerto L\u00f3pez es la capital eco tur\u00edstica de la costa Ecuatoriana. Es una regi\u00f3n dedicada al turismo y al cuidado del medio ambiente, siendo punto de partida perfecto para descubrir las maravillas naturales del Parque Nacional Machalilla.\u00a0\u00a0\u00a0Puerto Daniel L\u00f3pez es un pueblo peque\u00f1o, de aproximadamente 10 000 personas en la costa de Ecuador. Es el centro principal del cant\u00f3n Puerto L\u00f3pez que incluye Machalilla al Norte \u00a0y en la parte sur esta Salango, Rio Chico, Puerto Rico, Las Tunas, Ayampe. \u00a0La regi\u00f3n ofrece una amplia gama de alojamientos y restaurantes para \u00a0satisfacer cada presupuesto. Encontrara operadores de turismo que pueden ayudarlo a planificar sus viajes \u00a0y disfrutar la regi\u00f3n.<\/span><\/p>\n<p style=\"text-align: justify\"><span style=\"font-family: mceinline\">Aqu\u00ed\u00a0 obtendr\u00e1 \u00a0la informaci\u00f3n tur\u00edstica b\u00e1sica sobre lo que usted puede ver y hacer \u00a0en este destino ecotur\u00edstico. Describimos una selecci\u00f3n de los\u00a0 sitios tur\u00edsticos, las caminatas por los senderos y los sitios arqueol\u00f3gicos, una amplia variedad de im\u00e1genes con el fin de darles una mejor idea de lo que descubrir\u00e1n los visitantes. Hemos incluido informaci\u00f3n b\u00e1sica sobre los pueblos, transporte y medios, m\u00e1s un poco de informaci\u00f3n cultural y social.<br \/>\nRuinas arqueol\u00f3gicas prehisp\u00e1nicas, paseos a caballo en el bosque h\u00famedo tropical o en las blancas arenas de sus playas, \u00a0pescando en el mar profundo u observando el apareamiento de las majestuosas ballenas jorobadas, \u00a0disfrutando de las aves marinas: piqueros patas azules, patas rojas, \u00a0enmascarados,\u00a0 fragatas, pelicanos \u00a0o simplemente relaj\u00e1ndonos en el azul cristalinos de las aguas del mar pacifico, \u00a0disfrutando del sol en sus verdes playas, simplemente, el cant\u00f3n Puerto L\u00f3pez lo tiene todo. \u00a1Nosotros lo invitamos a\u00a0 descubrir la riqueza natural del \"Parque Nacional Machalilla\".<\/span><\/p>\n<p style=\"text-align: justify\"><strong><span style=\"font-family: mceinline\">Festivales y Fiestas Cantonales<\/span><\/strong><\/p>\n<p style=\"text-align: justify\"><strong><span style=\"font-family: mceinline\"><img loading=\"lazy\" decoding=\"async\" class=\"alignleft size-thumbnail wp-image-52\" src=\"http:\/\/blog.espol.edu.ec\/andreita06ec\/files\/2009\/11\/festival001-150x150.jpg\" alt=\"festival001\" width=\"150\" height=\"150\" \/><\/span><\/strong><\/p>\n<p style=\"text-align: justify\"><span style=\"font-family: mceinline\">En Puerto L\u00f3pez y sus \u00e1reas aleda\u00f1as, se celebran muchos eventos especiales con fiestas. Los desfiles callejeros, con m\u00fasica en vivo, bailes y desfiles marciales con bandas; se disfruta mucho en esta parte del Ecuador. En el cuadro encontrara una lista amplia sobre los eventos m\u00e1s sobresalientes, pero, adem\u00e1s de \u00e9stos, usted puede tener la suerte de estar en el pueblo para la fiestas de los Pescadores, el aniversario del Parque Nacional Machalilla, la fiesta de San Pedro y San Pablo o el festival de ballenas, \u00a0u otras de las muchas razones\u00a0 para compartir \u00a0la m\u00fasica,\u00a0 danza, teatro y actividades culturales.<\/span><\/p>\n<p style=\"text-align: justify\">\n<p style=\"text-align: justify\">\n<p style=\"text-align: justify\"><span style=\"font-family: mceinline\"><!--more--><br \/>\n<\/span><\/p>\n<h3 style=\"text-align: justify\"><span style=\"font-family: mceinline\">Cantonizaci\u00f3n de Puerto Lopez: Agosto 31<\/span><\/h3>\n<p style=\"text-align: justify\"><span style=\"font-family: mceinline\">Cada 31 de agosto se celebra la Cantonizaci\u00f3n de Puerto L\u00f3pez, el que es celebrado con un \u00a0desfile que puede durar unas tres horas, marchan \u00a0bandas musicales estudiantiles,\u00a0 y militares que practican durante semanas antes de la presentaci\u00f3n, para demostrar su orgullo de ser Lopence y Ecuatoriano,\u00a0 al cual le sigue una gran fiesta, en la que se puede pasar bailando toda la noche en el malec\u00f3n.<\/span><\/p>\n<h3 style=\"text-align: justify\"><span style=\"font-family: mceinline\">Fiesta de San Pedro y San Pablo\u00a0Junio: 24-29<\/span><\/h3>\n<p style=\"text-align: justify\"><span style=\"font-family: mceinline\">Una celebraci\u00f3n, arraigada en la poblaci\u00f3n desde la antig\u00fcedad \u00a0a trav\u00e9s del catolicismo; son las Fiestas de San Pedro y San Pablo, en la que desde localidades como Puerto Machalilla, los feligreses y priostes realizan procesiones mar\u00edtimas con las im\u00e1genes de los santos la mayor\u00eda con sus flotas de barcos pesqueros de todos los tama\u00f1os, los que son bendecidos por el sacerdote local. El lado festivo, folkl\u00f3rico y cultural es la reuni\u00f3n de dos culturas representadas por los gobiernos de negros y Blancos,\u00a0 los que eligen a sus Presidentes. Las personas visten vistosos y elegantes trajes en blanco y negro adem\u00e1s de ser los anfitriones de banquetes; bailes y fiestas en honor de los dos gobiernos. Las festividades generales duran\u00a0 varios d\u00edas y pasan en algunos pueblos la costa Ecuatoriana. En el caso del Cant\u00f3n Puerto L\u00f3pez, en su Parroquia Machalilla estas festividades han sido declaradas Patrimonio Cultural del Ecuador, por su relevancia cultural ancestral.<\/span><\/p>\n<h3 style=\"text-align: justify\"><span style=\"font-family: mceinline\">Festival Balsa Mante\u00f1a:\u00a0Octubre 12<\/span><\/h3>\n<p style=\"text-align: justify\"><span style=\"font-family: mceinline\">Una celebraci\u00f3n en honor a la cultura Mante\u00f1a, poblaci\u00f3n ind\u00edgena que hace m\u00e1s de 800 a\u00f1os, ya estaban navegando en balsas \u00a0el oc\u00e9ano pacifico, con muchas destreza desde las Playas de Salango, Puerto L\u00f3pez\u00a0 y Machalilla, hasta Chile y M\u00e9xico con el fin de comercializar. Actualmente cada 12 de Octubre se rinde homenaje a trav\u00e9s del Festival de la Balsa Mante\u00f1a, en la que se desarrollan actividades de navegaci\u00f3n con decorativas balsas, rituales shamanicos, danzas y actuaciones teatrales en la playa de Salango y Machalilla; como costumbre la fiesta contin\u00faa en la noche con mucha m\u00fasica y baile.<\/span><\/p>\n<h3 style=\"text-align: justify\"><span style=\"font-family: mceinline\">Festival Mundial de Observaci\u00f3n de Ballenas Jorobadas: Junio 23-25<\/span><\/h3>\n<p style=\"text-align: justify\"><span style=\"font-family: mceinline\">La Ballena Jorobada es el mayor atractivo de la industria tur\u00edstica en esta regi\u00f3n. Es una buena raz\u00f3n para exponer estas magn\u00edficas criaturas al mundo. Las celebraciones empiezan con un desfile de los pobladores con \u00a0coloridos trajes, en la que se abordan y se exponen leyendas de concienciaci\u00f3n de los\u00a0 problemas ambientales, \u00a0en las principales calles de la ciudad y la que contin\u00faa con dos d\u00edas de fiesta. Este evento generalmente se lo realiza en la \u00faltima semana de Junio.<\/span><\/p>\n<h3 style=\"text-align: justify\"><span style=\"font-family: mceinline\">Carnaval\u00a0Febrero<\/span><\/h3>\n<p style=\"text-align: justify\"><span style=\"font-family: mceinline\">\u00a1Como todos los pa\u00edses cat\u00f3licos, Ecuador da la bienvenida el per\u00edodo de Cuaresma con una gran celebraci\u00f3n de vida en Carnaval!Como hemos visto en el calendario, hay muchas fiestas que se celebran aqu\u00ed en Puerto L\u00f3pez. Muchos tienen una importancia religiosa seria, pero todo es con el fin de fiesta, m\u00fasica y danza.<\/span><\/p>\n<p style=\"text-align: justify\"><strong><span style=\"font-family: mceinline\">Rutas de Acceso<\/span><\/strong><span style=\"font-family: mceinline\"><strong><\/strong><\/span><\/p>\n<p style=\"text-align: justify\"><span style=\"font-family: mceinline\">Llegar a Puerto L\u00f3pez es f\u00e1cil, \u00a0existen servicios de \u00a0Transporte desde Quito, Guayaquil, Manta, Portoviejo, y Jipijapa que generalmente son muy \u00a0buenos y fiables. No hay aeropuerto local, pero usted puede volar desde Quito a los aeropuertos m\u00e1s cercanos en Manta, Portoviejo y Salinas, \u00a0y en autob\u00fas toma dos horas \u00a0llegar a Puerto L\u00f3pez desde estas ciudades, o en una hora y media por medio de taxis.<\/span><strong><span style=\"font-family: mceinline\"> <\/span><\/strong><\/p>\n<h3 style=\"text-align: justify\"><span style=\"font-family: mceinline\">Desde Quito<\/span><\/h3>\n<p style=\"text-align: justify\"><span style=\"font-family: mceinline\">Por aire, la manera m\u00e1s f\u00e1cil de viajar a Puerto L\u00f3pez, es tomando un vuelo a Manta o Portoviejo.<br \/>\nPor tierra, Transportes Reina del Camino (052300140) y Carlos A. Aray (052300178) recorren la ruta diariamente dos veces, y el recorrido es de 10-12 hora. Se proporcionan los itinerarios del autob\u00fas en esta p\u00e1gina.<\/span><\/p>\n<p style=\"text-align: justify\"><strong><span style=\"font-family: mceinline\">Desde Guayaquil<\/span><\/strong><\/p>\n<p style=\"text-align: justify\"><span style=\"font-family: mceinline\">Guayaquil est\u00e1 a una distancia de s\u00f3lo 4 horas en autob\u00fas. Cooperativa Jipijapa \u00a0brinda servicio de autob\u00fas directo a Puerto L\u00f3pez todos los d\u00edas,\u00a0 Cinco veces por d\u00eda. Muchos otros autobuses tambi\u00e9n van v\u00eda Jipijapa d\u00f3nde usted se baja y toma a su destino Puerto L\u00f3pez.<\/span><\/p>\n<p style=\"text-align: justify\"><strong><span style=\"font-family: mceinline\">Transporte alrededor de Puerto L\u00f3pez<\/span><\/strong><\/p>\n<p style=\"text-align: justify\"><span style=\"font-family: mceinline\">Taximotos, las motocicletas de tres ruedas, se consiguen por toda la ciudad, y ofrecen un servicio \u00e1gil y \u00a0confiable de 5 AM a 11 PM a lo largo del \u00e1rea de Puerto L\u00f3pez. El costo es de \u00a0$25 centavos m\u00ednimo para cualquier paseo, y para las excursiones m\u00e1s largas, los precios son fijados entre ud, y el Conductor. Las taxis motos conocen y recorren toda el \u00e1rea. Simplemente contacte con ellos en la calle.<br \/>\nCamionetas: Usted puede encontrar camionetas que realizan fletes.\u00a0 Est\u00e1n ubicadas entre la iglesia y el banco, para los viajes a todos los sitios tur\u00edsticos. Es mejor negociar las condiciones de antemano. Aseg\u00farese de que el chofer sabe el destino y el tiempo que usted quiere regresar; fije el precio del viaje antes de partir.<\/span><\/p>\n<p style=\"text-align: justify\">\n<p align=\"justify\">\n<p style=\"text-align: justify\">\n","protected":false},"excerpt":{"rendered":"<p>Puerto L\u00f3pez es la capital eco tur\u00edstica de la costa Ecuatoriana. Es una regi\u00f3n dedicada al turismo y al cuidado del medio ambiente, siendo punto de partida perfecto para descubrir las maravillas naturales del Parque Nacional Machalilla.\u00a0\u00a0\u00a0Puerto Daniel L\u00f3pez es un pueblo peque\u00f1o, de aproximadamente 10 000 personas en la costa de Ecuador. Es el [&hellip;]<\/p>\n","protected":false},"author":3355,"featured_media":0,"comment_status":"open","ping_status":"open","sticky":false,"template":"","format":"standard","meta":{"footnotes":""},"categories":[13445],"tags":[],"class_list":["post-49","post","type-post","status-publish","format-standard","hentry","category-mi-pais"],"_links":{"self":[{"href":"https:\/\/blog.espol.edu.ec\/andreita06ec\/wp-json\/wp\/v2\/posts\/49","targetHints":{"allow":["GET"]}}],"collection":[{"href":"https:\/\/blog.espol.edu.ec\/andreita06ec\/wp-json\/wp\/v2\/posts"}],"about":[{"href":"https:\/\/blog.espol.edu.ec\/andreita06ec\/wp-json\/wp\/v2\/types\/post"}],"author":[{"embeddable":true,"href":"https:\/\/blog.espol.edu.ec\/andreita06ec\/wp-json\/wp\/v2\/users\/3355"}],"replies":[{"embeddable":true,"href":"https:\/\/blog.espol.edu.ec\/andreita06ec\/wp-json\/wp\/v2\/comments?post=49"}],"version-history":[{"count":7,"href":"https:\/\/blog.espol.edu.ec\/andreita06ec\/wp-json\/wp\/v2\/posts\/49\/revisions"}],"predecessor-version":[{"id":57,"href":"https:\/\/blog.espol.edu.ec\/andreita06ec\/wp-json\/wp\/v2\/posts\/49\/revisions\/57"}],"wp:attachment":[{"href":"https:\/\/blog.espol.edu.ec\/andreita06ec\/wp-json\/wp\/v2\/media?parent=49"}],"wp:term":[{"taxonomy":"category","embeddable":true,"href":"https:\/\/blog.espol.edu.ec\/andreita06ec\/wp-json\/wp\/v2\/categories?post=49"},{"taxonomy":"post_tag","embeddable":true,"href":"https:\/\/blog.espol.edu.ec\/andreita06ec\/wp-json\/wp\/v2\/tags?post=49"}],"curies":[{"name":"wp","href":"https:\/\/api.w.org\/{rel}","templated":true}]}}