{"id":65,"date":"2009-11-22T00:20:42","date_gmt":"2009-11-22T05:20:42","guid":{"rendered":"http:\/\/blog.espol.edu.ec\/andreita06ec\/?p=65"},"modified":"2009-11-22T00:20:42","modified_gmt":"2009-11-22T05:20:42","slug":"ricardo-arjona","status":"publish","type":"post","link":"https:\/\/blog.espol.edu.ec\/andreita06ec\/2009\/11\/22\/ricardo-arjona\/","title":{"rendered":"rIcArDo ArJoNa"},"content":{"rendered":"<p style=\"text-align: justify\"><img loading=\"lazy\" decoding=\"async\" class=\"aligncenter size-medium wp-image-67\" src=\"http:\/\/blog.espol.edu.ec\/andreita06ec\/files\/2009\/11\/ricardo_arjona-300x300.jpg\" alt=\"ricardo_arjona\" width=\"300\" height=\"300\" srcset=\"https:\/\/blog.espol.edu.ec\/andreita06ec\/files\/2009\/11\/ricardo_arjona-300x300.jpg 300w, https:\/\/blog.espol.edu.ec\/andreita06ec\/files\/2009\/11\/ricardo_arjona-150x150.jpg 150w, https:\/\/blog.espol.edu.ec\/andreita06ec\/files\/2009\/11\/ricardo_arjona.jpg 345w\" sizes=\"auto, (max-width: 300px) 100vw, 300px\" \/><\/p>\n<p style=\"text-align: justify\">Hola ...\u00a1\u00a1 soy Ricardo Arjona y ah\u00ed te mando la biograf\u00eda de mis 2 vidas, la pasada y la actual.<\/p>\n<p style=\"text-align: justify\">Nac\u00ed en C\u00e1diz, Espa\u00f1a en el a\u00f1o 1855. Me llamaba Juan Arjona. Mis padres fueron Don Jos\u00e9 Arjona y Do\u00f1a Josefa Vartelo. Despu\u00e9s de una vida sin rastro salvo por unos cuantos hijos, 2 novias y una esposa, mor\u00ed de Tisis a los 37 a\u00f1os y tres de mis hijos se hicieron al mar en busca de cualquier cosa. Nac\u00ed de nuevo como Ricardo Arjona Fassen en el a\u00f1o de 1891. Mi madre Ana Figueroa muri\u00f3 justo el d\u00eda en que nac\u00ed por complicaciones en el parto. La escasez y la muerte de mi padre me llevaron a un nuevo continente junto a dos de mis hermanos, llegamos a Guatemala y meses despu\u00e9s\u00a0 uno de ellos de profesi\u00f3n payaso se dirigi\u00f3 al sur y jam\u00e1s volv\u00ed a saber de \u00e9l; el otro se fue al norte, justo al sur de M\u00e9xico y le perd\u00ed el rastro para siempre. No me qued\u00f3 m\u00e1s que quedarme conmigo y con las continuaciones de mi que se fueran dando. Radiqu\u00e9 en Tecpan, Guatemala y puse una panader\u00eda. Aurora era mi esposa y con ella conceb\u00ed varios hijos, uno de ellos Ricardo. Cuando Ricardo Arjona Moscoso cumpli\u00f3 los seis a\u00f1os a mi me dio por morirme y no me qued\u00f3 m\u00e1s que empacar mis cosas y buscarme un lugar en el cuerpo de mi hijo para perdurar unos a\u00f1os m\u00e1s. Viv\u00ed en Tecpan, Guatemala hasta los 15 a\u00f1os cuando fui a parar de interno en la escuela para maestros de la Alameda. Despu\u00e9s de 3 a\u00f1os, graduado y con ganas de conocer el mundo, un nombramiento del ministerio de educaci\u00f3n me llev\u00f3 a un pueblo llamado<\/p>\n<p style=\"text-align: justify\">San Agust\u00edn, Acasaguastlan donde conoc\u00ed a Mimi, una maestra emp\u00edrica, guapa y alta con la que me case a\u00f1os despu\u00e9s por culpa de un accidente con nombre de mujer que hoy es mi hija mayor. Hoy, soy el tercer hijo de Ricardo y Mimi, nac\u00ed en un pueblo que se llama Jocotenango donde mi padre fue maestro de la escuela por algunos a\u00f1os. No tuve una historia importante, nunca me destaqu\u00e9 en la escuela salvo por mis desordenes de conducta y uno que otro gol en la liga escolar. A los 8 a\u00f1os mi padre me regalo una guitarra y me reencontr\u00e9 con Juan, mi bisabuelo Espa\u00f1ol, que quiso ser m\u00fasico hasta que la tuberculosos le arrebato la vida. Quiz\u00e1s fue por eso que cuando tuve el instrumento en mis manos fue como reencontrarme con mis ancestros, tan lejanos, inciertos y desconocidos como las profundidades del mar y del tiempo que nos separaron siempre. Hoy, podr\u00eda abundar diciendo las cosas que dijeron tantas veces. Los discos que tengo, las canciones destacadas, los premios conseguidos y hacer una biograf\u00eda lo suficientemente completa como para lucir despu\u00e9s de leerla mucho m\u00e1s grande de lo que realmente soy. Es el 2008,soy el cuarto de los Arjona que habit\u00e9, dos de ellos nacidos en el viejo continente y los \u00faltimos dos, Ricardo Arjona Moscoso y yo Ricardo Arjona Morales nacidos en Guatemala. Tengo una Moto Harley que siempre so\u00f1\u00e9; tengo las deudas pagadas, por lo menos las del dinero; 14 discos unos mejores que otros y desde hace dos a\u00f1os vivo en un QUINTO PISO que nunca habit\u00e9. Desde all\u00ed, diger\u00ed cada una de las historias, las llor\u00e9, las re\u00ed y padec\u00ed como hacia muchos a\u00f1os que no lo hac\u00eda. Seguramente cuando me pregunten dir\u00e9 durante los pr\u00f3ximos seis meses que este es el disco m\u00e1s importante de mi carrera, hasta que mi ego y sue\u00f1os empiecen a volar hacia otra parte. Las catorce canciones nacieron de parto natural, como debe de ser, las ces\u00e1reas en esto de las canciones servir\u00e1n para los autores de oficio y las necesidades del mercado. Soy Ricardo Arjona estoy por cumplir casi doscientos a\u00f1os y estoy feliz viendo la vida pasar desde este QUINTO PISO.<\/p>\n<h2 style=\"text-align: center\">QUINTO PISO<\/h2>\n<p><a href=\"http:\/\/www.glitter-graphics.com\"><img loading=\"lazy\" decoding=\"async\" src=\"http:\/\/dl9.glitter-graphics.net\/pub\/708\/708109nm9nvwhquh.gif\" border=\"0\" alt=\"\" width=\"160\" height=\"43\" \/><\/a><br \/>\n<a href=\"http:\/\/www.glitter-works.org\" target=\"_blank\">glitter-graphics.com<\/a><\/p>\n<p style=\"text-align: justify\"><img loading=\"lazy\" decoding=\"async\" class=\"aligncenter size-medium wp-image-68\" src=\"http:\/\/blog.espol.edu.ec\/andreita06ec\/files\/2009\/11\/ricardo_arjona-5to_piso-frontal-300x300.jpg\" alt=\"ricardo_arjona-5to_piso-frontal\" width=\"300\" height=\"300\" srcset=\"https:\/\/blog.espol.edu.ec\/andreita06ec\/files\/2009\/11\/ricardo_arjona-5to_piso-frontal-300x300.jpg 300w, https:\/\/blog.espol.edu.ec\/andreita06ec\/files\/2009\/11\/ricardo_arjona-5to_piso-frontal-150x150.jpg 150w, https:\/\/blog.espol.edu.ec\/andreita06ec\/files\/2009\/11\/ricardo_arjona-5to_piso-frontal.jpg 953w\" sizes=\"auto, (max-width: 300px) 100vw, 300px\" \/><\/p>\n<p style=\"text-align: justify\">5to Piso\u00a0(tambi\u00e9n llamado\u00a0Quinto Piso) es el catorceavo\u00a0album de estudio lanzado por elcantautor de\u00a0origen Guatemalteco Ricardo Arjona el\u00a018 de noviembre del\u00a02008. El album se convirti\u00f3 en su segundo n\u00famero uno en el\u00a0Billboard Top Latin Albums. El album sigui\u00f3 la linea de exito de otros albumes anteriores de Arjona como\u00a0Sin Da\u00f1os A Terceros (1998),\u00a0Galer\u00eda Caribe(2000),\u00a0Santo Pecado (2002),\u00a0Solo (2004) y\u00a0Qui\u00e9n Dijo Ayer (2007).<\/p>\n<p style=\"text-align: justify\">Durante su primer mes logr\u00f3 ventas de m\u00e1s de 200.000 copias y actualmente supera el millon, siendo certificado platino y oro en pa\u00edses como\u00a0M\u00e9xico,\u00a0Estados Unidos,\u00a0Espa\u00f1a,\u00a0Venezuela,Colombia,\u00a0Argentina,\u00a0Guatemala, y otros pa\u00edses de\u00a0habla hispana.<\/p>\n<p style=\"text-align: center\"><object width=\"425\" height=\"344\" data=\"http:\/\/www.youtube.com\/v\/jMVNNpLpVt4&amp;hl=es_ES&amp;fs=1&amp;color1=0xcc2550&amp;color2=0xe87a9f\" type=\"application\/x-shockwave-flash\"><param name=\"allowFullScreen\" value=\"true\" \/><param name=\"allowscriptaccess\" value=\"always\" \/><param name=\"src\" value=\"http:\/\/www.youtube.com\/v\/jMVNNpLpVt4&amp;hl=es_ES&amp;fs=1&amp;color1=0xcc2550&amp;color2=0xe87a9f\" \/><param name=\"allowfullscreen\" value=\"true\" \/><\/object><\/p>\n<h3 style=\"text-align: justify\"><!--more--><\/h3>\n<h3 style=\"text-align: justify\"><span style=\"text-decoration: underline\">Informaci\u00f3n del \u00c1lbum<\/span><\/h3>\n<p style=\"text-align: justify\">El \u00e1lbum comenz\u00f3 a ser preparado por\u00a0Ricardo Arjona a inicios del\u00a02008, despu\u00e9s del gran exito obtenido por\u00a0Qui\u00e9n Dijo Ayer y la presion que esto caus\u00f3 al cantante con respecto al p\u00fablico y a los fans.<\/p>\n<p style=\"text-align: justify\">Asimismo, el gran exito que se vio reflejado en su sencillo \"Qui\u00e9n\" (los m\u00e1s exitosos de Arjona desde el 2000 despu\u00e9s de sus megaexitos mundiales de\u00a0El Problema y\u00a0Minutos) , y el moderado exito del segundo sencillo \"Quiero\", Arjona decidi\u00f3 avanzar en el primer sencillo del nuevo album.<\/p>\n<p style=\"text-align: justify\">Despu\u00e9s de terminar su contrato con\u00a0Sony BMG (con quien habr\u00eda lanzado sus anteriores trece albumes) y un nuevo contrato con\u00a0Warner Latina el proceso se aplac\u00f3 un poco y el lanzamiento del sencillo, programado para el verano, tuvo que ser atrasado hasta finales de a\u00f1o.<\/p>\n<p style=\"text-align: justify\">El lanzamiento oficial de\u00a05to Piso\u00a0se program\u00f3 para realizarse el\u00a018 de noviembre de\u00a02008, de forma simult\u00e1nea en\u00a0Am\u00e9rica Latina y\u00a0Estados Unidos. El album contiene una selecci\u00f3n de temas in\u00e9ditos en los que, como es su costumbre, Arjona trata temas relacionados con el amor y el desamor.<\/p>\n<p style=\"text-align: justify\">\"Desde el quinto piso se ve la esperanza y la nostalgia. Los atardeceres tristes, y las noches de neon...\", Tal cual como es descrito por Ricardo Arjona. \"Una trinchera en el que se ha vuelto testigo de la vida desde la ventana del -5to.Piso- y desde donde nos contar\u00e1 las historias que forman esta nueva producci\u00f3n\".<\/p>\n<h3 style=\"text-align: justify\"><span style=\"text-decoration: underline\">Sencillos<\/span><\/h3>\n<p style=\"text-align: justify\">El primer sencillo del album se titula \"Como Duele\", siendo lanzado en\u00a0Octubre del 2008.<\/p>\n<p style=\"text-align: justify\">El segundo sencillo, denominado \"Sin Ti... Sin Mi\" no tuvo exito a su lanzamiento debido al impacto que todavia pose\u00eda para aquella epoca el primer sencillo, pero logro avanzar en las listas despu\u00e9s del lanzamiento de su video musical.<\/p>\n<p style=\"text-align: justify\">El tercer single es con la colaboraci\u00f3n de\u00a0Paquita la del Barrio denominada \"Ni Tu Ni Yo\".<\/p>\n<p style=\"text-align: justify\">este \u00faltimo se lanzara a las radiodifusoras especializadas en america latina.<\/p>\n<p style=\"text-align: justify\">Mientras tanto, que en las radiodifusoras de pop se lanzara \"Tocando fondo\", el cuarto sencillo de 5to piso, cuyo video clip musical ya fue grabado<\/p>\n<h3 style=\"text-align: justify\"><span style=\"text-decoration: underline\">Lista de canciones<\/span><\/h3>\n<p style=\"text-align: justify\">T\u00edtulo<\/p>\n<p style=\"text-align: justify\"><img loading=\"lazy\" decoding=\"async\" src=\"\\DOCUME~1\\USUARIO\\CONFIG~1\\Temp\\msohtmlclip16\\clip_image001.gif\" alt=\"*\" width=\"13\" height=\"13\" \/> \u00abQuinto Piso\u00bb<\/p>\n<p style=\"text-align: justify\"><img loading=\"lazy\" decoding=\"async\" src=\"\\DOCUME~1\\USUARIO\\CONFIG~1\\Temp\\msohtmlclip16\\clip_image001.gif\" alt=\"*\" width=\"13\" height=\"13\" \/> \u00abSin T\u00ed... Sin M\u00ed\u00bb<\/p>\n<p style=\"text-align: justify\"><img loading=\"lazy\" decoding=\"async\" src=\"\\DOCUME~1\\USUARIO\\CONFIG~1\\Temp\\msohtmlclip16\\clip_image001.gif\" alt=\"*\" width=\"13\" height=\"13\" \/> \u00abEl del Espejo\u00bb<\/p>\n<p style=\"text-align: justify\"><img loading=\"lazy\" decoding=\"async\" src=\"\\DOCUME~1\\USUARIO\\CONFIG~1\\Temp\\msohtmlclip16\\clip_image001.gif\" alt=\"*\" width=\"13\" height=\"13\" \/> \u00abComo Duele\u00bb<\/p>\n<p style=\"text-align: justify\"><img loading=\"lazy\" decoding=\"async\" src=\"\\DOCUME~1\\USUARIO\\CONFIG~1\\Temp\\msohtmlclip16\\clip_image001.gif\" alt=\"*\" width=\"13\" height=\"13\" \/> \u00abQue Nadie Vea\u00bb<\/p>\n<p style=\"text-align: justify\"><img loading=\"lazy\" decoding=\"async\" src=\"\\DOCUME~1\\USUARIO\\CONFIG~1\\Temp\\msohtmlclip16\\clip_image001.gif\" alt=\"*\" width=\"13\" height=\"13\" \/> \u00abTocando Fondo\u00bb<\/p>\n<p style=\"text-align: justify\"><img loading=\"lazy\" decoding=\"async\" src=\"\\DOCUME~1\\USUARIO\\CONFIG~1\\Temp\\msohtmlclip16\\clip_image001.gif\" alt=\"*\" width=\"13\" height=\"13\" \/> \u00abLa Bailarina Vecina\u00bb<\/p>\n<p style=\"text-align: justify\"><img loading=\"lazy\" decoding=\"async\" src=\"\\DOCUME~1\\USUARIO\\CONFIG~1\\Temp\\msohtmlclip16\\clip_image001.gif\" alt=\"*\" width=\"13\" height=\"13\" \/> \u00abVuelo\u00bb<\/p>\n<p style=\"text-align: justify\"><img loading=\"lazy\" decoding=\"async\" src=\"\\DOCUME~1\\USUARIO\\CONFIG~1\\Temp\\msohtmlclip16\\clip_image001.gif\" alt=\"*\" width=\"13\" height=\"13\" \/> \u00abNadie Sabe a D\u00f3nde Va\u00bb<\/p>\n<p style=\"text-align: justify\"><img loading=\"lazy\" decoding=\"async\" src=\"\\DOCUME~1\\USUARIO\\CONFIG~1\\Temp\\msohtmlclip16\\clip_image001.gif\" alt=\"*\" width=\"13\" height=\"13\" \/> \u00abEl Demonio en Casa\u00bb<\/p>\n<p style=\"text-align: justify\"><img loading=\"lazy\" decoding=\"async\" src=\"\\DOCUME~1\\USUARIO\\CONFIG~1\\Temp\\msohtmlclip16\\clip_image001.gif\" alt=\"*\" width=\"13\" height=\"13\" \/> \u00abLa Vida Est\u00e1 de Luto\u00bb<\/p>\n<p style=\"text-align: justify\"><img loading=\"lazy\" decoding=\"async\" src=\"\\DOCUME~1\\USUARIO\\CONFIG~1\\Temp\\msohtmlclip16\\clip_image001.gif\" alt=\"*\" width=\"13\" height=\"13\" \/> \u00abSuavecito\u00bb<\/p>\n<p style=\"text-align: justify\"><img loading=\"lazy\" decoding=\"async\" src=\"\\DOCUME~1\\USUARIO\\CONFIG~1\\Temp\\msohtmlclip16\\clip_image001.gif\" alt=\"*\" width=\"13\" height=\"13\" \/> \u00abNi T\u00fa Ni Yo (A Dueto Con Paquita la del Barrio)\u00bb<\/p>\n<p style=\"text-align: justify\"><img loading=\"lazy\" decoding=\"async\" src=\"\\DOCUME~1\\USUARIO\\CONFIG~1\\Temp\\msohtmlclip16\\clip_image001.gif\" alt=\"*\" width=\"13\" height=\"13\" \/> \u00abNi\u00f1a Buena\u00bb<\/p>\n<h2 style=\"text-align: justify\"><span style=\"text-decoration: underline\">Curiosidades de 5to Piso<\/span><\/h2>\n<p style=\"text-align: justify\">El video clip musical del primer sencillo \"Como Duele\" muestra gr\u00e1ficamente el desplome o la destrucci\u00f3n de los sentimientos y del mundo emocional del ser humano, mediante el derrumbe de una casa.<\/p>\n<p style=\"text-align: justify\">El video clip musical del segundo sencillo \"Sin Ti...Sin M\u00ed\" expresa los problemas que atraviesan las parejas amorosas; sin olvidar lo profundo que puede ser el amor. El mismo fue filmado en un ring de boxeo en la\u00a0Federaci\u00f3n Argentina de Box; y contando con el trabajo de actores de la talla de Juan Pablo Raba. Esta vez, Arjona no es el protagonista del video clip, s\u00f3lo es el testigo de una ri\u00f1a entre dos personas involucradas sentimentalmente por el rencor y a la vez por el amor.<\/p>\n<p style=\"text-align: justify\">Como expresa\u00a0Ricardo Arjona la experiencia m\u00e1s cercana con un quinto piso: \"Fue hace muchos a\u00f1os en\u00a0Madrid y se econtraba viviendo en un quinto piso, y escuchaba cada noche pasos y pasos provenientes de arriba, del sexto piso, y no sab\u00eda que era, entonces \u00e9l decidi\u00f3 afrontar la situaci\u00f3n y luego comprendi\u00f3 que era una bailarina que ensa\u00f1aba. Arjona vino a enamorarse de aquella bailarina, sin embargo nunca lleg\u00f3 a tener contacto con \u00e9sta. Total que toda esta situaci\u00f3n vino a resolverse muchos a\u00f1os despu\u00e9s, con la canci\u00f3n\u00a0La Bailarina Vecina'\"<\/p>\n<p style=\"text-align: justify\">\"Todo el mundo cree que sabe a d\u00f3nde va en un momento determinado de su Vida, a la lavander\u00eda, a casa, a trabajar; sin embargo todo puede cambiar de un s\u00f3lo golpe, cayendo o no en cuenta\". As\u00ed naci\u00f3 la canci\u00f3n \"Nadie Sabe A D\u00f3nde Va\", la cual fue inspirada en los sucesos del\u00a011 de marzo de 2004 en la Estaci\u00f3n de Atocha de\u00a0Madrid.<\/p>\n<p style=\"text-align: justify\">\n<p style=\"text-align: justify\">\n<p style=\"text-align: justify\">\n","protected":false},"excerpt":{"rendered":"<p>Hola ...\u00a1\u00a1 soy Ricardo Arjona y ah\u00ed te mando la biograf\u00eda de mis 2 vidas, la pasada y la actual. Nac\u00ed en C\u00e1diz, Espa\u00f1a en el a\u00f1o 1855. Me llamaba Juan Arjona. Mis padres fueron Don Jos\u00e9 Arjona y Do\u00f1a Josefa Vartelo. Despu\u00e9s de una vida sin rastro salvo por unos cuantos hijos, 2 novias [&hellip;]<\/p>\n","protected":false},"author":3355,"featured_media":0,"comment_status":"open","ping_status":"open","sticky":false,"template":"","format":"standard","meta":{"footnotes":""},"categories":[1149],"tags":[],"class_list":["post-65","post","type-post","status-publish","format-standard","hentry","category-artistas"],"_links":{"self":[{"href":"https:\/\/blog.espol.edu.ec\/andreita06ec\/wp-json\/wp\/v2\/posts\/65","targetHints":{"allow":["GET"]}}],"collection":[{"href":"https:\/\/blog.espol.edu.ec\/andreita06ec\/wp-json\/wp\/v2\/posts"}],"about":[{"href":"https:\/\/blog.espol.edu.ec\/andreita06ec\/wp-json\/wp\/v2\/types\/post"}],"author":[{"embeddable":true,"href":"https:\/\/blog.espol.edu.ec\/andreita06ec\/wp-json\/wp\/v2\/users\/3355"}],"replies":[{"embeddable":true,"href":"https:\/\/blog.espol.edu.ec\/andreita06ec\/wp-json\/wp\/v2\/comments?post=65"}],"version-history":[{"count":4,"href":"https:\/\/blog.espol.edu.ec\/andreita06ec\/wp-json\/wp\/v2\/posts\/65\/revisions"}],"predecessor-version":[{"id":73,"href":"https:\/\/blog.espol.edu.ec\/andreita06ec\/wp-json\/wp\/v2\/posts\/65\/revisions\/73"}],"wp:attachment":[{"href":"https:\/\/blog.espol.edu.ec\/andreita06ec\/wp-json\/wp\/v2\/media?parent=65"}],"wp:term":[{"taxonomy":"category","embeddable":true,"href":"https:\/\/blog.espol.edu.ec\/andreita06ec\/wp-json\/wp\/v2\/categories?post=65"},{"taxonomy":"post_tag","embeddable":true,"href":"https:\/\/blog.espol.edu.ec\/andreita06ec\/wp-json\/wp\/v2\/tags?post=65"}],"curies":[{"name":"wp","href":"https:\/\/api.w.org\/{rel}","templated":true}]}}