{"id":62,"date":"2013-11-23T00:40:20","date_gmt":"2013-11-23T00:40:20","guid":{"rendered":"http:\/\/blog.espol.edu.ec\/andresfernando4\/?p=62"},"modified":"2013-11-23T22:16:43","modified_gmt":"2013-11-23T22:16:43","slug":"video-relacionado-al-futuro-de-la-tierra","status":"publish","type":"post","link":"https:\/\/blog.espol.edu.ec\/andresfernando4\/2013\/11\/23\/video-relacionado-al-futuro-de-la-tierra\/","title":{"rendered":"Video relacionado al futuro de la Tierra .-"},"content":{"rendered":"<p><iframe loading=\"lazy\" src=\"\/\/www.youtube.com\/embed\/ZMRrqWLhDro\" height=\"480\" width=\"640\" allowfullscreen=\"\" frameborder=\"0\"><\/iframe><\/p>\n<p>Aqu\u00ed el link : <a title=\"Ela planeta en un futuro cercano\" href=\"http:\/\/www.youtube.com\/watch?v=ZMRrqWLhDro&amp;feature=youtu.be\" target=\"_blank\">El futuro de la Tierra a corto plazo<\/a><\/p>\n<p>\u00c9ste es un video creado por m\u00ed , donde se detalla el futuro del planeta Tierra y de la humanidad a corto plazo es decir en unos cientos o miles de a\u00f1os mas , como resumen podemos decir que la vida en el planeta depende de nosotros , tenemos que valorar nuestro planeta y cuidarlo .<\/p>\n<p>Espero les haya gustado el video . MUCHAS GRACIAS<\/p>\n<p><a href=\"http:\/\/blog.espol.edu.ec\/andresfernando4\/files\/2013\/11\/planeta.jpg\"><img loading=\"lazy\" decoding=\"async\" class=\"aligncenter size-medium wp-image-63\" alt=\"planeta\" src=\"http:\/\/blog.espol.edu.ec\/andresfernando4\/files\/2013\/11\/planeta-300x225.jpg\" width=\"300\" height=\"225\" srcset=\"https:\/\/blog.espol.edu.ec\/andresfernando4\/files\/2013\/11\/planeta-300x225.jpg 300w, https:\/\/blog.espol.edu.ec\/andresfernando4\/files\/2013\/11\/planeta.jpg 900w\" sizes=\"auto, (max-width: 300px) 100vw, 300px\" \/><\/a><\/p>\n<p>&nbsp;<\/p>\n","protected":false},"excerpt":{"rendered":"<p>Aqu\u00ed el link : El futuro de la Tierra a corto plazo \u00c9ste es un video creado por m\u00ed , donde se detalla el futuro del planeta Tierra y de la humanidad a corto plazo es decir en unos cientos o miles de a\u00f1os mas , como resumen podemos decir que la vida en el [&hellip;]<\/p>\n","protected":false},"author":8779,"featured_media":0,"comment_status":"open","ping_status":"open","sticky":false,"template":"","format":"standard","meta":{"footnotes":""},"categories":[818],"tags":[],"class_list":["post-62","post","type-post","status-publish","format-standard","hentry","category-sin-categoria"],"_links":{"self":[{"href":"https:\/\/blog.espol.edu.ec\/andresfernando4\/wp-json\/wp\/v2\/posts\/62","targetHints":{"allow":["GET"]}}],"collection":[{"href":"https:\/\/blog.espol.edu.ec\/andresfernando4\/wp-json\/wp\/v2\/posts"}],"about":[{"href":"https:\/\/blog.espol.edu.ec\/andresfernando4\/wp-json\/wp\/v2\/types\/post"}],"author":[{"embeddable":true,"href":"https:\/\/blog.espol.edu.ec\/andresfernando4\/wp-json\/wp\/v2\/users\/8779"}],"replies":[{"embeddable":true,"href":"https:\/\/blog.espol.edu.ec\/andresfernando4\/wp-json\/wp\/v2\/comments?post=62"}],"version-history":[{"count":5,"href":"https:\/\/blog.espol.edu.ec\/andresfernando4\/wp-json\/wp\/v2\/posts\/62\/revisions"}],"predecessor-version":[{"id":87,"href":"https:\/\/blog.espol.edu.ec\/andresfernando4\/wp-json\/wp\/v2\/posts\/62\/revisions\/87"}],"wp:attachment":[{"href":"https:\/\/blog.espol.edu.ec\/andresfernando4\/wp-json\/wp\/v2\/media?parent=62"}],"wp:term":[{"taxonomy":"category","embeddable":true,"href":"https:\/\/blog.espol.edu.ec\/andresfernando4\/wp-json\/wp\/v2\/categories?post=62"},{"taxonomy":"post_tag","embeddable":true,"href":"https:\/\/blog.espol.edu.ec\/andresfernando4\/wp-json\/wp\/v2\/tags?post=62"}],"curies":[{"name":"wp","href":"https:\/\/api.w.org\/{rel}","templated":true}]}}