{"id":74,"date":"2013-11-23T01:34:48","date_gmt":"2013-11-23T01:34:48","guid":{"rendered":"http:\/\/blog.espol.edu.ec\/andresfernando4\/?p=74"},"modified":"2013-11-23T01:41:49","modified_gmt":"2013-11-23T01:41:49","slug":"informacion-adicional-acerca-del-tema","status":"publish","type":"post","link":"https:\/\/blog.espol.edu.ec\/andresfernando4\/2013\/11\/23\/informacion-adicional-acerca-del-tema\/","title":{"rendered":"Informaci\u00f3n adicional acerca del Tema"},"content":{"rendered":"<p>En \u00e9sta entrada encontrar\u00e1n links con informaci\u00f3n adicional del futuro de la tierra y de la humanidad<br \/>\n.-\u00a0<a title=\"\u00bfC\u00f3mo ser\u00e1 nuestro planeta en el futuro?\" href=\"http:\/\/www.taringa.net\/posts\/apuntes-y-monografias\/10806378\/Como-sera-Nuestro-Planeta-en-el-Futuro.html\" target=\"_blank\">\u00bfC\u00f3mo ser\u00e1 nuestro planeta en el futuro?<\/a><\/p>\n<p>.-\u00a0<a title=\"El futuro incierto del planeta Tierra\" href=\"http:\/\/www.ecologiaverde.com\/el-futuro-de-nuestro-planeta\/\" target=\"_blank\">El futuro incierto<\/a><\/p>\n<p>.-<a title=\"\u00bfHasta cuando ser\u00e1 habitable nuestro planeta?\" href=\"http:\/\/www.ojocientifico.com\/4793\/hasta-cuando-sera-habitable-el-planeta-tierra\" target=\"_blank\">\u00bfHasta cuando ser\u00e1 habitable nuestro planeta?<\/a><\/p>\n<p><a href=\"http:\/\/blog.espol.edu.ec\/andresfernando4\/files\/2013\/11\/calentamiento.jpg\"><img loading=\"lazy\" decoding=\"async\" class=\"aligncenter size-medium wp-image-77\" alt=\"calentamiento\" src=\"http:\/\/blog.espol.edu.ec\/andresfernando4\/files\/2013\/11\/calentamiento-300x177.jpg\" width=\"300\" height=\"177\" srcset=\"https:\/\/blog.espol.edu.ec\/andresfernando4\/files\/2013\/11\/calentamiento-300x177.jpg 300w, https:\/\/blog.espol.edu.ec\/andresfernando4\/files\/2013\/11\/calentamiento.jpg 580w\" sizes=\"auto, (max-width: 300px) 100vw, 300px\" \/><\/a><\/p>\n","protected":false},"excerpt":{"rendered":"<p>En \u00e9sta entrada encontrar\u00e1n links con informaci\u00f3n adicional del futuro de la tierra y de la humanidad .-\u00a0\u00bfC\u00f3mo ser\u00e1 nuestro planeta en el futuro? .-\u00a0El futuro incierto .-\u00bfHasta cuando ser\u00e1 habitable nuestro planeta?<\/p>\n","protected":false},"author":8779,"featured_media":0,"comment_status":"open","ping_status":"open","sticky":false,"template":"","format":"standard","meta":{"footnotes":""},"categories":[818],"tags":[],"class_list":["post-74","post","type-post","status-publish","format-standard","hentry","category-sin-categoria"],"_links":{"self":[{"href":"https:\/\/blog.espol.edu.ec\/andresfernando4\/wp-json\/wp\/v2\/posts\/74","targetHints":{"allow":["GET"]}}],"collection":[{"href":"https:\/\/blog.espol.edu.ec\/andresfernando4\/wp-json\/wp\/v2\/posts"}],"about":[{"href":"https:\/\/blog.espol.edu.ec\/andresfernando4\/wp-json\/wp\/v2\/types\/post"}],"author":[{"embeddable":true,"href":"https:\/\/blog.espol.edu.ec\/andresfernando4\/wp-json\/wp\/v2\/users\/8779"}],"replies":[{"embeddable":true,"href":"https:\/\/blog.espol.edu.ec\/andresfernando4\/wp-json\/wp\/v2\/comments?post=74"}],"version-history":[{"count":3,"href":"https:\/\/blog.espol.edu.ec\/andresfernando4\/wp-json\/wp\/v2\/posts\/74\/revisions"}],"predecessor-version":[{"id":78,"href":"https:\/\/blog.espol.edu.ec\/andresfernando4\/wp-json\/wp\/v2\/posts\/74\/revisions\/78"}],"wp:attachment":[{"href":"https:\/\/blog.espol.edu.ec\/andresfernando4\/wp-json\/wp\/v2\/media?parent=74"}],"wp:term":[{"taxonomy":"category","embeddable":true,"href":"https:\/\/blog.espol.edu.ec\/andresfernando4\/wp-json\/wp\/v2\/categories?post=74"},{"taxonomy":"post_tag","embeddable":true,"href":"https:\/\/blog.espol.edu.ec\/andresfernando4\/wp-json\/wp\/v2\/tags?post=74"}],"curies":[{"name":"wp","href":"https:\/\/api.w.org\/{rel}","templated":true}]}}