{"id":166,"date":"2011-07-02T03:03:44","date_gmt":"2011-07-02T03:03:44","guid":{"rendered":"http:\/\/blog.espol.edu.ec\/aneyra\/?p=166"},"modified":"2011-07-04T17:00:36","modified_gmt":"2011-07-04T17:00:36","slug":"como-mejorar-el-mal-olor-de-los-hurones-_-2","status":"publish","type":"post","link":"https:\/\/blog.espol.edu.ec\/aneyra\/2011\/07\/02\/como-mejorar-el-mal-olor-de-los-hurones-_-2\/","title":{"rendered":"Como mejorar el mal olor de los hurones ^_^"},"content":{"rendered":"<p style=\"text-align: justify\"><span style=\"color: #000000\"><strong>Los hurones son mascotas muy simp\u00e1ticas que pueden adaptarse a un espacio reducid<\/strong>o,  pero que necesitan de muchos cuidados. Por naturaleza emiten olores  bastante fuertes y desagradables que deben minimizarse. Veamos m\u00e1s  ideas.<\/span><\/p>\n<p style=\"text-align: justify\"><span style=\"color: #000000\"><a href=\"http:\/\/blog.espol.edu.ec\/aneyra\/files\/2011\/07\/hurones.php_.png\"><img loading=\"lazy\" decoding=\"async\" class=\"aligncenter size-full wp-image-167\" title=\"hurones.php\" src=\"http:\/\/blog.espol.edu.ec\/aneyra\/files\/2011\/07\/hurones.php_.png\" alt=\"\" width=\"200\" height=\"260\" \/><\/a><\/span><span style=\"color: #000000\"><\/span><\/p>\n<p style=\"text-align: justify\"><span style=\"color: #000000\">El motivo principal del mal olor es una secreci\u00f3n normal de sus gl\u00e1ndulas cut\u00e1neas, que depende de la funci\u00f3n hormonal. <strong>Si el animal es castrado disminuye de una forma significativa ese olor<\/strong>.  Pero hay que tener en cuenta que el castrarlo trae otras ventajas, como  disminuci\u00f3n de la agresividad y prevenci\u00f3n de algunas enfermedades,  sobretodo en el caso de las hembras.<\/span><\/p>\n<p style=\"text-align: justify\"><span style=\"color: #000000\"><strong>Hay problemas dentales que pueden causar mal olor<\/strong>.  Para eso es importante la visita peri\u00f3dica al veterinario. Del mismo  modo, problemas en los o\u00eddos pueden oler mal\u00a0 y es el veterinario quien  debe tratarlo.<\/span><\/p>\n<p style=\"text-align: justify\"><span style=\"color: #000000\"><strong>El ba\u00f1o no pude ser frecuente<\/strong> y deben usarse champ\u00fas o jabones adecuados, que se nos indique especialmente.<\/span><\/p>\n","protected":false},"excerpt":{"rendered":"<p>Los hurones son mascotas muy simp\u00e1ticas que pueden adaptarse a un espacio reducido, pero que necesitan de muchos cuidados. Por naturaleza emiten olores bastante fuertes y desagradables que deben minimizarse. Veamos m\u00e1s ideas. El motivo principal del mal olor es una secreci\u00f3n normal de sus gl\u00e1ndulas cut\u00e1neas, que depende de la funci\u00f3n hormonal. Si el [&hellip;]<\/p>\n","protected":false},"author":6367,"featured_media":0,"comment_status":"open","ping_status":"open","sticky":false,"template":"","format":"standard","meta":{"footnotes":""},"categories":[37770],"tags":[37794,16420,37793,37792,4976],"class_list":["post-166","post","type-post","status-publish","format-standard","hentry","category-animales-exoticos-_","tag-agresividad","tag-bano","tag-glandulas-cutaneas","tag-hurones","tag-prevencion"],"_links":{"self":[{"href":"https:\/\/blog.espol.edu.ec\/aneyra\/wp-json\/wp\/v2\/posts\/166","targetHints":{"allow":["GET"]}}],"collection":[{"href":"https:\/\/blog.espol.edu.ec\/aneyra\/wp-json\/wp\/v2\/posts"}],"about":[{"href":"https:\/\/blog.espol.edu.ec\/aneyra\/wp-json\/wp\/v2\/types\/post"}],"author":[{"embeddable":true,"href":"https:\/\/blog.espol.edu.ec\/aneyra\/wp-json\/wp\/v2\/users\/6367"}],"replies":[{"embeddable":true,"href":"https:\/\/blog.espol.edu.ec\/aneyra\/wp-json\/wp\/v2\/comments?post=166"}],"version-history":[{"count":6,"href":"https:\/\/blog.espol.edu.ec\/aneyra\/wp-json\/wp\/v2\/posts\/166\/revisions"}],"predecessor-version":[{"id":264,"href":"https:\/\/blog.espol.edu.ec\/aneyra\/wp-json\/wp\/v2\/posts\/166\/revisions\/264"}],"wp:attachment":[{"href":"https:\/\/blog.espol.edu.ec\/aneyra\/wp-json\/wp\/v2\/media?parent=166"}],"wp:term":[{"taxonomy":"category","embeddable":true,"href":"https:\/\/blog.espol.edu.ec\/aneyra\/wp-json\/wp\/v2\/categories?post=166"},{"taxonomy":"post_tag","embeddable":true,"href":"https:\/\/blog.espol.edu.ec\/aneyra\/wp-json\/wp\/v2\/tags?post=166"}],"curies":[{"name":"wp","href":"https:\/\/api.w.org\/{rel}","templated":true}]}}