{"id":68,"date":"2016-11-12T00:58:24","date_gmt":"2016-11-12T00:58:24","guid":{"rendered":"http:\/\/blog.espol.edu.ec\/angelope\/?p=68"},"modified":"2016-11-12T15:58:58","modified_gmt":"2016-11-12T20:58:58","slug":"iiconferenciaturismoaccesible","status":"publish","type":"post","link":"https:\/\/blog.espol.edu.ec\/angelope\/2016\/11\/12\/iiconferenciaturismoaccesible\/","title":{"rendered":"#IIConferenciaTurismoAccesible"},"content":{"rendered":"<!--[if lt IE 9]><script>document.createElement('audio');<\/script><![endif]-->\n<audio class=\"wp-audio-shortcode\" id=\"audio-68-1\" preload=\"none\" style=\"width: 100%;\" controls=\"controls\"><source type=\"audio\/mpeg\" src=\"http:\/\/blog.espol.edu.ec\/angelope\/files\/2016\/11\/Fonseca-Arroyito.mp3?_=1\" \/><a href=\"http:\/\/blog.espol.edu.ec\/angelope\/files\/2016\/11\/Fonseca-Arroyito.mp3\">http:\/\/blog.espol.edu.ec\/angelope\/files\/2016\/11\/Fonseca-Arroyito.mp3<\/a><\/audio>\n<audio class=\"wp-audio-shortcode\" id=\"audio-68-2\" preload=\"none\" style=\"width: 100%;\" controls=\"controls\"><source type=\"audio\/mpeg\" src=\"http:\/\/blog.espol.edu.ec\/angelope\/files\/2016\/11\/Fonseca-Arroyito.mp3?_=2\" \/><a href=\"http:\/\/blog.espol.edu.ec\/angelope\/files\/2016\/11\/Fonseca-Arroyito.mp3\">http:\/\/blog.espol.edu.ec\/angelope\/files\/2016\/11\/Fonseca-Arroyito.mp3<\/a><\/audio>\n<p>La Federaci\u00f3n Nacional de Ecuatorianos con Discapacidad F\u00edsica (FENEDIF), en el a\u00f1o 2014 respondi\u00f3 a una convocatoria de fondos concursables enviada por la Agencia Espa\u00f1ola de Cooperaci\u00f3n Internacional para el Desarrollo (AECID), para el financiamiento de proyectos presentados por organizaciones de la sociedad civil y orientados a\u00a0 reducir la pobreza en la regi\u00f3n.\u00a0 FENEDIF gan\u00f3 el concurso con una propuesta para la \u201cInclusi\u00f3n socio-laboral de mujeres y j\u00f3venes con discapacidad, en el sector del Turismo Accesible en Ecuador\u201d, con una fase de ejecuci\u00f3n comprendida entre junio del 2015 y diciembre del 2017. Su cobertura abarca las provincias de Esmeraldas, Manab\u00ed, Imbabura y Orellana.<\/p>\n<p><iframe loading=\"lazy\" width=\"830\" height=\"467\" src=\"https:\/\/www.youtube.com\/embed\/9GVtWYE0fxs?feature=oembed\" frameborder=\"0\" allowfullscreen><\/iframe><\/p>\n<p>En este contexto institucional tendr\u00e1 lugar la II Conferencia sobre Turismo Accesible para Am\u00e9rica Latina y el Caribe, los d\u00edas 8, 9 y 10 de diciembre del presente a\u00f1o, en la ciudad de Manta, con la presencia de expositores nacionales e internacionales y una participaci\u00f3n estimada de 250 asistentes.<\/p>\n<p><img loading=\"lazy\" decoding=\"async\" class=\"alignnone \" src=\"http:\/\/turismoaccesible.ec\/conferencia\/wp-content\/uploads\/2016\/08\/Playa-murcielago.jpg\" alt=\"\" width=\"273\" height=\"189\" \/><img loading=\"lazy\" decoding=\"async\" class=\"\" src=\"http:\/\/turismoaccesible.ec\/conferencia\/wp-content\/uploads\/2016\/08\/Ciudad-de-Manta.jpg\" width=\"269\" height=\"187\" \/><\/p>\n<p align=\"justify\">ANTECEDENTES<\/p>\n<p align=\"justify\">I Conferencia sobre Turismo Accesible para Am\u00e9rica Latina y El Caribe<\/p>\n<p align=\"justify\">La I Conferencia sobre turismo accesible Am\u00e9rica Latina y el Caribe tuvo como objeto promover el turismo accesible en los pa\u00edses de la regi\u00f3n, se expusieron las ventajas competitivas que ofrece la creaci\u00f3n de espacios accesibles para personas con discapacidad y los beneficios econ\u00f3micos que puede aportar a cada pa\u00eds el fomento de este tipo de turismo.<\/p>\n<p align=\"justify\">II Conferencia sobre Turismo Accesible para Am\u00e9rica Latina y El Caribe<\/p>\n<p align=\"justify\">Con la finalidad de conocer y compartir las experiencias sobre Turismo Accesible en la regi\u00f3n y ofrecer destinos tur\u00edsticos a la poblaci\u00f3n mundial con discapacidad y sus familias, FENEDIF con el aval y colaboraci\u00f3n del Consejo Nacional para la Igualdad de Discapacidades (CONADIS) y el Ministerio de Turismo (MINTUR) realizar\u00e1 la II Conferencia sobre Turismo Accesible para Am\u00e9rica Latina y El Caribe, dando continuidad al primer evento, de similares caracter\u00edsticas, que tuvo lugar en Rep\u00fablica Dominicana en julio del 2015.<\/p>\n<p align=\"justify\">Consideramos que esta tambi\u00e9n ser\u00e1 una valiosa oportunidad para promover la gran riqueza cultural de nuestro pa\u00eds, su mega biodiversidad, la belleza esc\u00e9nica y paisaj\u00edstica que le caracteriza y que, adem\u00e1s, ahora cuenta con condiciones de accesibilidad y confort para recibir al turista con discapacidad. Este nuevo escenario permite su plena inclusi\u00f3n, el cumplimiento de sus derechos a la recreaci\u00f3n, a la movilidad y al uso adecuado de su tiempo libre, entre otros.<\/p>\n<p align=\"justify\">Los ejes tem\u00e1ticos que ser\u00e1n abordados son:<\/p>\n<ul>\n<li>Accesibilidad Universal<\/li>\n<li>Seguridad Tur\u00edstica<\/li>\n<li>Turismo y deporte adaptado como alternativa tur\u00edstica<\/li>\n<li>Promoci\u00f3n Tur\u00edstica y Reactivaci\u00f3n Econ\u00f3mica<\/li>\n<li>Emprendimientos como una alternativa de desarrollo tur\u00edstico<\/li>\n<li>Oferta tur\u00edstica en temporada y en tiempos de crisis<\/li>\n<\/ul>\n<p align=\"justify\">Los mismos que ser\u00e1n desarrollados por expositores nacionales e internacionales.<\/p>\n<p><iframe loading=\"lazy\" width=\"830\" height=\"467\" src=\"https:\/\/www.youtube.com\/embed\/qf4f-nAbngo?feature=oembed\" frameborder=\"0\" allowfullscreen><\/iframe><\/p>\n","protected":false},"excerpt":{"rendered":"<p>La Federaci\u00f3n Nacional de Ecuatorianos con Discapacidad F\u00edsica (FENEDIF), en el a\u00f1o 2014 respondi\u00f3 a una convocatoria de fondos concursables enviada por la Agencia Espa\u00f1ola de Cooperaci\u00f3n Internacional para el Desarrollo (AECID), para el financiamiento de proyectos presentados por organizaciones de la sociedad civil y orientados a\u00a0 reducir la pobreza en la regi\u00f3n.\u00a0 FENEDIF gan\u00f3 [&hellip;]<\/p>\n","protected":false},"author":10651,"featured_media":0,"comment_status":"open","ping_status":"open","sticky":false,"template":"","format":"standard","meta":{"footnotes":""},"categories":[1392680,818],"tags":[1392682],"class_list":["post-68","post","type-post","status-publish","format-standard","hentry","category-entrada-1","category-sin-categoria","tag-tal-y-como-es"],"_links":{"self":[{"href":"https:\/\/blog.espol.edu.ec\/angelope\/wp-json\/wp\/v2\/posts\/68","targetHints":{"allow":["GET"]}}],"collection":[{"href":"https:\/\/blog.espol.edu.ec\/angelope\/wp-json\/wp\/v2\/posts"}],"about":[{"href":"https:\/\/blog.espol.edu.ec\/angelope\/wp-json\/wp\/v2\/types\/post"}],"author":[{"embeddable":true,"href":"https:\/\/blog.espol.edu.ec\/angelope\/wp-json\/wp\/v2\/users\/10651"}],"replies":[{"embeddable":true,"href":"https:\/\/blog.espol.edu.ec\/angelope\/wp-json\/wp\/v2\/comments?post=68"}],"version-history":[{"count":4,"href":"https:\/\/blog.espol.edu.ec\/angelope\/wp-json\/wp\/v2\/posts\/68\/revisions"}],"predecessor-version":[{"id":81,"href":"https:\/\/blog.espol.edu.ec\/angelope\/wp-json\/wp\/v2\/posts\/68\/revisions\/81"}],"wp:attachment":[{"href":"https:\/\/blog.espol.edu.ec\/angelope\/wp-json\/wp\/v2\/media?parent=68"}],"wp:term":[{"taxonomy":"category","embeddable":true,"href":"https:\/\/blog.espol.edu.ec\/angelope\/wp-json\/wp\/v2\/categories?post=68"},{"taxonomy":"post_tag","embeddable":true,"href":"https:\/\/blog.espol.edu.ec\/angelope\/wp-json\/wp\/v2\/tags?post=68"}],"curies":[{"name":"wp","href":"https:\/\/api.w.org\/{rel}","templated":true}]}}