{"id":9,"date":"2016-11-07T21:08:24","date_gmt":"2016-11-07T21:08:24","guid":{"rendered":"http:\/\/blog.espol.edu.ec\/angelope\/?p=9"},"modified":"2016-11-12T15:59:22","modified_gmt":"2016-11-12T20:59:22","slug":"critica-post-terremoto-en-manta","status":"publish","type":"post","link":"https:\/\/blog.espol.edu.ec\/angelope\/2016\/11\/07\/critica-post-terremoto-en-manta\/","title":{"rendered":"CR\u00cdTICA POST-TERREMOTO EN MANTA."},"content":{"rendered":"<p>&nbsp;<\/p>\n<p>De zona cero a destino azul.<\/p>\n<p>Voy a decirlo sin ambages y aunque m\u00e1s de uno se ofenda: Tarqui, concretamente la Zona Cero, antes del terremoto ya era una zona de desastre cuyo eje \u2013el mercado y sus calles adyacentes- atentaba visual y olfativamente contra quien se atreviese a compartir espacio no solo con cientos \u2013quiz\u00e1 miles- de vendedores informales de toda laya sino con cucarachas, moscas, ratas, perros, prostitutas, ladrones, sicarios y politiquillos que deambulaban<span class=\"text_exposed_show\"> a su alrededor.<br \/>\nDe modo que lo que hoy denominan zona cero era ya una zona de terror, un peque\u00f1o infierno en la tierra, una bomba de tiempo a punto de explotar.<br \/>\nPero no siempre fue as\u00ed: desde su nacimiento hasta aqu\u00e9l invierno en que el r\u00edo Burro destruy\u00f3 su playa, Tarqui fue uno de los mejores y m\u00e1s concurridos sitios tur\u00edsticos del pa\u00eds. Un para\u00edso cuya hospitalidad y belleza termin\u00f3 destruida no tanto por la naturaleza sino por la acci\u00f3n contaminante del hombre y, sobre todo, por la corrupta inoperancia de su autoridades municipales.<br \/>\nAutoridades que no son capaces de mover un solo dedo ni siquiera ahora que tienen la oportunidad de aprovechar la cat\u00e1strofe del 16 de abril y, transform\u00e1ndolo todo, convertir a Tarqui \u2013con la solidaridad del mundo- en un destino azul.<\/span><\/p>\n<figure style=\"width: 709px\" class=\"wp-caption alignnone\"><img loading=\"lazy\" decoding=\"async\" class=\"size-medium\" src=\"https:\/\/scontent.fgye1-1.fna.fbcdn.net\/v\/t1.0-9\/13769403_10205878032144630_8973172266733970099_n.jpg?oh=db382233b8e769bea750ca8259781794&amp;oe=5888F55B\" alt=\"Malecon de Tarqui, all\u00e1 por los a\u00f1os 60\" width=\"709\" height=\"413\" \/><figcaption class=\"wp-caption-text\">Malec\u00f3n de Tarqui, all\u00e1 por los a\u00f1os 60<\/figcaption><\/figure>\n<p>&nbsp;<\/p>\n<p>&nbsp;<\/p>\n<figure style=\"width: 873px\" class=\"wp-caption aligncenter\"><img loading=\"lazy\" decoding=\"async\" class=\"size-medium\" src=\"http:\/\/i.eldiario.com.ec\/fotos-manabi-ecuador\/2016\/04\/20160417052742_manta-tocada-por-el-terremoto_tn0.jpg\" alt=\"Calle 104, en Tarqui, pocos d\u00edas despu\u00e9s de la sacudida del 16 de abril del presente a\u00f1o.\" width=\"873\" height=\"408\" \/><figcaption class=\"wp-caption-text\">Calle 104, en Tarqui, pocos d\u00edas despu\u00e9s de la sacudida del 16 de abril del presente a\u00f1o.<\/figcaption><\/figure>\n<p>&nbsp;<\/p>\n<p><iframe loading=\"lazy\" width=\"830\" height=\"467\" src=\"https:\/\/www.youtube.com\/embed\/dE4t97hDDEw?feature=oembed\" frameborder=\"0\" allowfullscreen><\/iframe><\/p>\n","protected":false},"excerpt":{"rendered":"<p>&nbsp; De zona cero a destino azul. Voy a decirlo sin ambages y aunque m\u00e1s de uno se ofenda: Tarqui, concretamente la Zona Cero, antes del terremoto ya era una zona de desastre cuyo eje \u2013el mercado y sus calles adyacentes- atentaba visual y olfativamente contra quien se atreviese a compartir espacio no solo con [&hellip;]<\/p>\n","protected":false},"author":10651,"featured_media":0,"comment_status":"open","ping_status":"open","sticky":false,"template":"","format":"standard","meta":{"footnotes":""},"categories":[1392681,818],"tags":[],"class_list":["post-9","post","type-post","status-publish","format-standard","hentry","category-entradas-2","category-sin-categoria"],"_links":{"self":[{"href":"https:\/\/blog.espol.edu.ec\/angelope\/wp-json\/wp\/v2\/posts\/9","targetHints":{"allow":["GET"]}}],"collection":[{"href":"https:\/\/blog.espol.edu.ec\/angelope\/wp-json\/wp\/v2\/posts"}],"about":[{"href":"https:\/\/blog.espol.edu.ec\/angelope\/wp-json\/wp\/v2\/types\/post"}],"author":[{"embeddable":true,"href":"https:\/\/blog.espol.edu.ec\/angelope\/wp-json\/wp\/v2\/users\/10651"}],"replies":[{"embeddable":true,"href":"https:\/\/blog.espol.edu.ec\/angelope\/wp-json\/wp\/v2\/comments?post=9"}],"version-history":[{"count":1,"href":"https:\/\/blog.espol.edu.ec\/angelope\/wp-json\/wp\/v2\/posts\/9\/revisions"}],"predecessor-version":[{"id":10,"href":"https:\/\/blog.espol.edu.ec\/angelope\/wp-json\/wp\/v2\/posts\/9\/revisions\/10"}],"wp:attachment":[{"href":"https:\/\/blog.espol.edu.ec\/angelope\/wp-json\/wp\/v2\/media?parent=9"}],"wp:term":[{"taxonomy":"category","embeddable":true,"href":"https:\/\/blog.espol.edu.ec\/angelope\/wp-json\/wp\/v2\/categories?post=9"},{"taxonomy":"post_tag","embeddable":true,"href":"https:\/\/blog.espol.edu.ec\/angelope\/wp-json\/wp\/v2\/tags?post=9"}],"curies":[{"name":"wp","href":"https:\/\/api.w.org\/{rel}","templated":true}]}}