{"id":32,"date":"2015-07-02T19:13:33","date_gmt":"2015-07-02T19:13:33","guid":{"rendered":"http:\/\/blog.espol.edu.ec\/anthonycadena\/?p=32"},"modified":"2015-07-02T19:15:37","modified_gmt":"2015-07-02T19:15:37","slug":"la-nueva-dupla-del-milan","status":"publish","type":"post","link":"https:\/\/blog.espol.edu.ec\/anthonycadena\/2015\/07\/02\/la-nueva-dupla-del-milan\/","title":{"rendered":"La nueva dupla del Milan"},"content":{"rendered":"<p><a href=\"http:\/\/blog.espol.edu.ec\/anthonycadena\/files\/2015\/07\/CI7hTNzWcAEF4EL.jpg\"><img loading=\"lazy\" decoding=\"async\" class=\"alignnone size-medium wp-image-35\" src=\"http:\/\/blog.espol.edu.ec\/anthonycadena\/files\/2015\/07\/CI7hTNzWcAEF4EL-300x148.jpg\" alt=\"CI7hTNzWcAEF4EL\" width=\"300\" height=\"148\" srcset=\"https:\/\/blog.espol.edu.ec\/anthonycadena\/files\/2015\/07\/CI7hTNzWcAEF4EL-300x148.jpg 300w, https:\/\/blog.espol.edu.ec\/anthonycadena\/files\/2015\/07\/CI7hTNzWcAEF4EL.jpg 600w\" sizes=\"auto, (max-width: 300px) 100vw, 300px\" \/><\/a><\/p>\n<p>Despu\u00e9s del rechazo de Jackson Mart\u00ednez, la directiva del AC Milan qued\u00f3 herida, pero no muerta. Sus dos \u00faltimos fichajes demuestran lo que comentamos. Quiz\u00e1 no hizo los movimientos m\u00e1s medi\u00e1ticos ni sonados del mercado, pero s\u00ed se ha hecho de los servicios de dos delanteros que vienen haciendo las cosas muy bien.<\/p>\n<p>Primero, el club rossonero anunci\u00f3 el acuerdo con el Sevilla por los servicios del <a href=\"http:\/\/somosinvictos.com\/2015\/07\/02\/ac-milan-anuncia-acuerdo-con-carlos-bacca\/\">colombiano Carlos Bacca<\/a>, quien desde hace un par de temporada ha brillado en el f\u00fatbol espa\u00f1ol. Despu\u00e9s, los del San Siro oficializaron la llegada de <a href=\"http:\/\/somosinvictos.com\/2015\/07\/02\/oficial-luiz-adriano-es-nuevo-jugador-del-ac-milan\/\">Luiz Adriano<\/a>, el delantero brasile\u00f1o sensaci\u00f3n del f\u00fatbol ucraniano.<\/p>\n<p>La llegada de Mr. Bee al AC Milan trajo inyecci\u00f3n de capital y, poco a poco, se est\u00e1 armando un equipo que quiere volver a la parte m\u00e1s alta del f\u00fatbol italiano.<\/p>\n<form id=\"vozme_form_913ea6b12701e7868335b1a5991b18f5\" method=\"post\" name=\"vozme_form_913ea6b12701e7868335b1a5991b18f5\" target=\"913ea6b12701e7868335b1a5991b18f5\" action=\"http:\/\/vozme.com\/text2voice.php\"><input name=\"text\" type=\"hidden\" value=\"La nueva dupla del Milan. \nDespu\u00e9s del rechazo de Jackson Mart\u00ednez, la directiva del AC Milan qued\u00f3 herida, pero no muerta. Sus dos \u00faltimos fichajes demuestran lo que comentamos. Quiz\u00e1 no hizo los movimientos m\u00e1s medi\u00e1ticos ni sonados del mercado, pero s\u00ed se ha hecho de los servicios de dos delanteros que vienen haciendo las cosas muy bien.\nPrimero, el club rossonero anunci\u00f3 el acuerdo con el Sevilla por los servicios del colombiano Carlos Bacca, quien desde hace un par de temporada ha brillado en el f\u00fatbol espa\u00f1ol. Despu\u00e9s, los del San Siro oficializaron la llegada de Luiz Adriano, el delantero brasile\u00f1o sensaci\u00f3n del f\u00fatbol ucraniano.\nLa llegada de Mr. Bee al AC Milan trajo inyecci\u00f3n de capital y, poco a poco, se est\u00e1 armando un equipo que quiere volver a la parte m\u00e1s alta del f\u00fatbol italiano.\n\" \/><input name=\"lang\" type=\"hidden\" value=\"en\" \/><input name=\"gn\" type=\"hidden\" value=\"ml\" \/><input type=\"hidden\" id=\"interface\" name=\"interface\" value=\"full\" \/>\n\t\t\t<div style=\"margin-left:40%;\">\n\t\t\t\n\t\t\t\t<input style=\"float:left;\" type=\"image\" width=\"40\" height=\"40\" src=\"http:\/\/blog.espol.edu.ec\/anthonycadena\/wp-content\/plugins\/vozme\/img\/megaphone40x40w.gif\" alt=\"Hear this post\" onclick=\"window.open('', '913ea6b12701e7868335b1a5991b18f5', 'width=600,height=370,scrollbars=yes,location=yes,menubar=yes,resizable=yes,status=yes,toolbar=yes');\">\n\t\t\t\t<div style=\"margin-left:48px; text-align:left;\"><a style=\"font-size:12px;\" href=\"javascript:void(0);\" onclick=\"window.open('', '913ea6b12701e7868335b1a5991b18f5', 'width=600,height=370,scrollbars=yes,location=yes,menubar=yes,resizable=yes,status=yes,toolbar=yes'); document.getElementById('vozme_form_913ea6b12701e7868335b1a5991b18f5').submit();\">Hear<br\/>this post<\/a><\/div>\n\t\t\t<\/div><\/form>","protected":false},"excerpt":{"rendered":"<p>Despu\u00e9s del rechazo de Jackson Mart\u00ednez, la directiva del AC Milan qued\u00f3 herida, pero no muerta. Sus dos \u00faltimos fichajes demuestran lo que comentamos. Quiz\u00e1 no hizo los movimientos m\u00e1s medi\u00e1ticos ni sonados del mercado, pero s\u00ed se ha hecho de los servicios de dos delanteros que vienen haciendo las cosas muy bien. Primero, el [&hellip;]<\/p>\n","protected":false},"author":9805,"featured_media":0,"comment_status":"open","ping_status":"open","sticky":false,"template":"","format":"standard","meta":{"footnotes":""},"categories":[7067,818],"tags":[],"class_list":["post-32","post","type-post","status-publish","format-standard","hentry","category-deportiva","category-sin-categoria"],"aioseo_notices":[],"_links":{"self":[{"href":"https:\/\/blog.espol.edu.ec\/anthonycadena\/wp-json\/wp\/v2\/posts\/32","targetHints":{"allow":["GET"]}}],"collection":[{"href":"https:\/\/blog.espol.edu.ec\/anthonycadena\/wp-json\/wp\/v2\/posts"}],"about":[{"href":"https:\/\/blog.espol.edu.ec\/anthonycadena\/wp-json\/wp\/v2\/types\/post"}],"author":[{"embeddable":true,"href":"https:\/\/blog.espol.edu.ec\/anthonycadena\/wp-json\/wp\/v2\/users\/9805"}],"replies":[{"embeddable":true,"href":"https:\/\/blog.espol.edu.ec\/anthonycadena\/wp-json\/wp\/v2\/comments?post=32"}],"version-history":[{"count":3,"href":"https:\/\/blog.espol.edu.ec\/anthonycadena\/wp-json\/wp\/v2\/posts\/32\/revisions"}],"predecessor-version":[{"id":36,"href":"https:\/\/blog.espol.edu.ec\/anthonycadena\/wp-json\/wp\/v2\/posts\/32\/revisions\/36"}],"wp:attachment":[{"href":"https:\/\/blog.espol.edu.ec\/anthonycadena\/wp-json\/wp\/v2\/media?parent=32"}],"wp:term":[{"taxonomy":"category","embeddable":true,"href":"https:\/\/blog.espol.edu.ec\/anthonycadena\/wp-json\/wp\/v2\/categories?post=32"},{"taxonomy":"post_tag","embeddable":true,"href":"https:\/\/blog.espol.edu.ec\/anthonycadena\/wp-json\/wp\/v2\/tags?post=32"}],"curies":[{"name":"wp","href":"https:\/\/api.w.org\/{rel}","templated":true}]}}