{"id":62,"date":"2009-06-28T23:05:10","date_gmt":"2009-06-29T03:05:10","guid":{"rendered":"http:\/\/blog.espol.edu.ec\/apanchan\/?p=62"},"modified":"2009-06-29T01:45:17","modified_gmt":"2009-06-29T05:45:17","slug":"el-d%c2%aa-del-med%c2%ba-%c2%aambente","status":"publish","type":"post","link":"https:\/\/blog.espol.edu.ec\/apanchan\/2009\/06\/28\/el-d%c2%aa-del-med%c2%ba-%c2%aambente\/","title":{"rendered":"\u20acL D!\u00aa d\u20acL m\u20acd!\u00ba \u00aaMb!\u20acnT\u20ac"},"content":{"rendered":"<p><img loading=\"lazy\" decoding=\"async\" src=\"http:\/\/blog.espol.edu.ec\/apanchan\/files\/2009\/06\/dia-medio-ambiente-300x225.jpg\" alt=\"dia-medio-ambiente\" width=\"300\" height=\"225\" class=\"aligncenter size-medium wp-image-64\" srcset=\"https:\/\/blog.espol.edu.ec\/apanchan\/files\/2009\/06\/dia-medio-ambiente-300x225.jpg 300w, https:\/\/blog.espol.edu.ec\/apanchan\/files\/2009\/06\/dia-medio-ambiente.jpg 1000w\" sizes=\"auto, (max-width: 300px) 100vw, 300px\" \/><br \/>\n                   EL 5 DE JUNIO SE CELEBRA EL DIA DEL MEDIO AMBIENTE<\/p>\n<p>El D\u00eda Mundial del Medio Ambiente es uno de los principales veh\u00edculos que las Naciones Unidas utilizan para fomentar la sensibilizaci\u00f3n mundial sobre el medio ambiente y promover la atenci\u00f3n y acci\u00f3n pol\u00edtica al respecto.<br \/>\nLos objetivos son darle una cara humana a los temas ambientales, motivar que las personas se conviertan en agentes activos del desarrollo sostenible y equitativo, promover el papel fundamental de las comunidades en el cambio de actitud hacia temas ambientales, y fomentar la cooperaci\u00f3n, la cual garantizar\u00e1 que todas las naciones y personas disfruten de un futuro m\u00e1s prospero y seguro.   <\/p>\n","protected":false},"excerpt":{"rendered":"<p>EL 5 DE JUNIO SE CELEBRA EL DIA DEL MEDIO AMBIENTE El D\u00eda Mundial del Medio Ambiente es uno de los principales veh\u00edculos que las Naciones Unidas utilizan para fomentar la sensibilizaci\u00f3n mundial sobre el medio ambiente y promover la atenci\u00f3n y acci\u00f3n pol\u00edtica al respecto. Los objetivos son darle una cara humana a los [&hellip;]<\/p>\n","protected":false},"author":2472,"featured_media":0,"comment_status":"open","ping_status":"open","sticky":false,"template":"","format":"standard","meta":{"footnotes":""},"categories":[8920],"tags":[8907],"class_list":["post-62","post","type-post","status-publish","format-standard","hentry","category-annie-panchana","tag-el-dia-del-medio-ambiente"],"_links":{"self":[{"href":"https:\/\/blog.espol.edu.ec\/apanchan\/wp-json\/wp\/v2\/posts\/62","targetHints":{"allow":["GET"]}}],"collection":[{"href":"https:\/\/blog.espol.edu.ec\/apanchan\/wp-json\/wp\/v2\/posts"}],"about":[{"href":"https:\/\/blog.espol.edu.ec\/apanchan\/wp-json\/wp\/v2\/types\/post"}],"author":[{"embeddable":true,"href":"https:\/\/blog.espol.edu.ec\/apanchan\/wp-json\/wp\/v2\/users\/2472"}],"replies":[{"embeddable":true,"href":"https:\/\/blog.espol.edu.ec\/apanchan\/wp-json\/wp\/v2\/comments?post=62"}],"version-history":[{"count":3,"href":"https:\/\/blog.espol.edu.ec\/apanchan\/wp-json\/wp\/v2\/posts\/62\/revisions"}],"predecessor-version":[{"id":75,"href":"https:\/\/blog.espol.edu.ec\/apanchan\/wp-json\/wp\/v2\/posts\/62\/revisions\/75"}],"wp:attachment":[{"href":"https:\/\/blog.espol.edu.ec\/apanchan\/wp-json\/wp\/v2\/media?parent=62"}],"wp:term":[{"taxonomy":"category","embeddable":true,"href":"https:\/\/blog.espol.edu.ec\/apanchan\/wp-json\/wp\/v2\/categories?post=62"},{"taxonomy":"post_tag","embeddable":true,"href":"https:\/\/blog.espol.edu.ec\/apanchan\/wp-json\/wp\/v2\/tags?post=62"}],"curies":[{"name":"wp","href":"https:\/\/api.w.org\/{rel}","templated":true}]}}