{"id":1,"date":"2015-06-08T17:21:03","date_gmt":"2015-06-08T17:21:03","guid":{"rendered":"http:\/\/blog.espol.edu.ec\/ardaterr\/?p=1"},"modified":"2015-07-01T11:29:26","modified_gmt":"2015-07-01T16:29:26","slug":"hola-mundo","status":"publish","type":"post","link":"https:\/\/blog.espol.edu.ec\/ardaterr\/2015\/06\/08\/hola-mundo\/","title":{"rendered":"ELECCION DEL PAIS ANFITRION"},"content":{"rendered":"<p>A pesar de la voluntad de Conmebol de celebrar el torneo en Brasil,2 la realizaci\u00f3n de la Copa FIFA Confederaciones 2013, la Copa Mundial de F\u00fatbol de 2014 y de los Juegos Ol\u00edmpicos de Verano de 2016 en dicho pa\u00eds, hizo reconsiderar la decisi\u00f3n en un momento.3<\/p>\n<p>Aunque el entonces presidente de la Conmebol, el paraguayo Nicol\u00e1s Leoz, propuso la realizaci\u00f3n del torneo continental en M\u00e9xico, pese a ser de otra confederaci\u00f3n,4 los respectivos gobernantes de Brasil y Chile discutieron la posibilidad de intercambiar la organizaci\u00f3n de los torneos de 2015 y 2019, cuando a Chile le correspond\u00eda originalmente.3 El entendimiento se vio posteriormente refrendado por la aceptaci\u00f3n de la Confederaci\u00f3n Brasile\u00f1a de F\u00fatbol de organizar la Copa Am\u00e9rica de 2019 en reemplazo de la de 2015, intercambiando la organizaci\u00f3n del torneo con la federaci\u00f3n chilena.5 No obstante, Bolivia tambi\u00e9n expres\u00f3 su inter\u00e9s por tomar el lugar de Brasil en la realizaci\u00f3n de la Copa, siendo la intenci\u00f3n oficial por parte del presidente de dicha naci\u00f3n, Evo Morales,6 y el de la Federaci\u00f3n Boliviana de F\u00fatbol, Carlos Ch\u00e1vez.7 Sin embargo, en noviembre de 2010, la CBF, a trav\u00e9s de su entonces presidente Ricardo Teixeira, retrocedi\u00f3 en su postura y reafirm\u00f3 la realizaci\u00f3n del torneo de 2015 en Brasil, puesto que su intenci\u00f3n era que dicho pa\u00eds organizara los cuatro eventos en cuatro a\u00f1os, manteniendo esa postura mientras \u00e9l fuese el presidente de la CBF.8<\/p>\n<p>Finalmente, y en un rev\u00e9s inesperado, debido a la renuncia de Ricardo Teixeira a la presidencia de la CBF y la asunci\u00f3n al cargo de su sucesor Jos\u00e9 Maria Marin, Brasil decidi\u00f3 ceder su cupo a la Federaci\u00f3n de F\u00fatbol de Chile, a cambio del cupo de 2019. Es ah\u00ed cuando Sergio Jadue, presidente de la FFCh y de la ANFP, tom\u00f3 un avi\u00f3n y, en una reuni\u00f3n de dos horas, convenci\u00f3 a la CBF de otorgar la sede a Chile. Luego, Jadue consigui\u00f3 el apoyo de algunos pa\u00edses de la Conmebol y solicit\u00f3 la aprobaci\u00f3n de Nicol\u00e1s Leoz, quien se la otorg\u00f3. As\u00ed, el 23 de marzo de 2012, el diario chileno La Tercera inform\u00f3 que Sergio Jadue hab\u00eda logrado que Brasil intercambiara con Chile la organizaci\u00f3n de la Copa Am\u00e9rica de 2019.9 La informaci\u00f3n fue oficialmente confirmada por su gestor, el presidente de la FFCh, Sergio Jadue, en una conferencia de prensa, efectuada en la sede de la FFCh\/ANFP en Santiago.10<\/p>\n","protected":false},"excerpt":{"rendered":"<p>A pesar de la voluntad de Conmebol de celebrar el torneo en Brasil,2 la realizaci\u00f3n de la Copa FIFA Confederaciones 2013, la Copa Mundial de F\u00fatbol de 2014 y de los Juegos Ol\u00edmpicos de Verano de 2016 en dicho pa\u00eds, hizo reconsiderar la decisi\u00f3n en un momento.3 Aunque el entonces presidente de la Conmebol, el [&hellip;]<\/p>\n","protected":false},"author":9729,"featured_media":0,"comment_status":"open","ping_status":"open","sticky":false,"template":"","format":"standard","meta":{"footnotes":""},"categories":[369],"tags":[],"class_list":["post-1","post","type-post","status-publish","format-standard","hentry","category-entretenimiento"],"_links":{"self":[{"href":"https:\/\/blog.espol.edu.ec\/ardaterr\/wp-json\/wp\/v2\/posts\/1","targetHints":{"allow":["GET"]}}],"collection":[{"href":"https:\/\/blog.espol.edu.ec\/ardaterr\/wp-json\/wp\/v2\/posts"}],"about":[{"href":"https:\/\/blog.espol.edu.ec\/ardaterr\/wp-json\/wp\/v2\/types\/post"}],"author":[{"embeddable":true,"href":"https:\/\/blog.espol.edu.ec\/ardaterr\/wp-json\/wp\/v2\/users\/9729"}],"replies":[{"embeddable":true,"href":"https:\/\/blog.espol.edu.ec\/ardaterr\/wp-json\/wp\/v2\/comments?post=1"}],"version-history":[{"count":1,"href":"https:\/\/blog.espol.edu.ec\/ardaterr\/wp-json\/wp\/v2\/posts\/1\/revisions"}],"predecessor-version":[{"id":35,"href":"https:\/\/blog.espol.edu.ec\/ardaterr\/wp-json\/wp\/v2\/posts\/1\/revisions\/35"}],"wp:attachment":[{"href":"https:\/\/blog.espol.edu.ec\/ardaterr\/wp-json\/wp\/v2\/media?parent=1"}],"wp:term":[{"taxonomy":"category","embeddable":true,"href":"https:\/\/blog.espol.edu.ec\/ardaterr\/wp-json\/wp\/v2\/categories?post=1"},{"taxonomy":"post_tag","embeddable":true,"href":"https:\/\/blog.espol.edu.ec\/ardaterr\/wp-json\/wp\/v2\/tags?post=1"}],"curies":[{"name":"wp","href":"https:\/\/api.w.org\/{rel}","templated":true}]}}