{"id":167,"date":"2009-12-22T13:20:43","date_gmt":"2009-12-22T18:20:43","guid":{"rendered":"http:\/\/blog.espol.edu.ec\/arnaldoalfonzo\/?p=167"},"modified":"2009-12-22T13:20:43","modified_gmt":"2009-12-22T18:20:43","slug":"167","status":"publish","type":"post","link":"https:\/\/blog.espol.edu.ec\/arnaldoalfonzo\/2009\/12\/22\/167\/","title":{"rendered":""},"content":{"rendered":"<p style=\"text-align: center\"><strong>BARCELONA CONTRATA AL CHUCHO BOLA\u00d1OS<\/strong><\/p>\n<p style=\"text-align: center\"><a rel=\"attachment wp-att-168\" href=\"http:\/\/blog.espol.edu.ec\/arnaldoalfonzo\/2009\/12\/22\/167\/ec21_p_bolaniosbarce\/\"><img loading=\"lazy\" decoding=\"async\" class=\"aligncenter size-full wp-image-168\" src=\"http:\/\/blog.espol.edu.ec\/arnaldoalfonzo\/files\/2009\/12\/ec21_p_bolaniosbarce.jpg\" alt=\"ec21_p_bolaniosbarce\" width=\"342\" height=\"242\" srcset=\"https:\/\/blog.espol.edu.ec\/arnaldoalfonzo\/files\/2009\/12\/ec21_p_bolaniosbarce.jpg 342w, https:\/\/blog.espol.edu.ec\/arnaldoalfonzo\/files\/2009\/12\/ec21_p_bolaniosbarce-300x212.jpg 300w\" sizes=\"auto, (max-width: 342px) 100vw, 342px\" \/><\/a><\/p>\n<p style=\"text-align: justify\">El volante ecuatoriano Luis \"Chucho\" Bola\u00f1os, ex jugador de Liga de Quito y del Internacional de Porto Alegre (Brasil), fue presentado el d\u00eda 21 como la nueva contrataci\u00f3n del club Barcelona, el m\u00e1s popular de la ciudad costera de Guayaquil, inform\u00f3 el lunes la dirigencia de la instituci\u00f3n.<\/p>\n<p>El volante ecuatoriano Luis Bola\u00f1os fue presentado este lunes por el presidente del club, Eduardo Maruri y por el titular de la Comisi\u00f3n de F\u00fatbol, Alfonso Harb.<\/p>\n<p>El \"Chucho\", como se conoce al mediocampista, vestir\u00e1 en el 2010 la blusa amarilla a pr\u00e9stamo por un a\u00f1o y se unir\u00e1 a los entrenamientos el pr\u00f3ximo 4 de enero.<\/p>\n<p>Seg\u00fan Maruri, la contrataci\u00f3n de Bola\u00f1os se realiz\u00f3 gracias al apoyo econ\u00f3mico del Banco Pichincha. Aunque no revel\u00f3 cu\u00e1nto fue el aporte de dicha entidad bancaria, Maruri anunci\u00f3 que el presupuesto del club para 2010 ser\u00e1 de 6 millones de d\u00f3lares.<\/p>\n<p>Maruri dijo, en una rueda de prensa, que no se logr\u00f3 un acuerdo con el delantero ecuatoriano Pablo Palacios y con el defensa uruguayo Jonathan Piriz.<\/p>\n<p>\"Contento, feliz, es un reto para m\u00ed, venir ac\u00e1, ponerme la camiseta de Barcelona. Me decid\u00ed por volver al pa\u00eds y vestir la camiseta de Barcelona, un equipo grande\", declar\u00f3 Bola\u00f1os a periodistas.<\/p>\n<p>\"Ser\u00e1 dif\u00edcil pero tengo una mentalidad ganadora, quiero salir campe\u00f3n, llevarlo a los primeros puestos\", dijo el mediocampista al reiterar que el 2010 ser\u00e1 una nueva etapa dif\u00edcil, pero en base al trabajo, esperamos hacer las cosas bien\", subray\u00f3.<\/p>\n<p>Su empresario, Jorge Guerrero, reafirm\u00f3 tambi\u00e9n que la llegada de Bola\u00f1os al equipo m\u00e1s popular de este pa\u00eds no pasa por lo econ\u00f3mico sino por lo deportivo al decir que \"Chucho\" busca \"la gloria\" con los guayaquile\u00f1os<\/p>\n","protected":false},"excerpt":{"rendered":"<p>BARCELONA CONTRATA AL CHUCHO BOLA\u00d1OS El volante ecuatoriano Luis \"Chucho\" Bola\u00f1os, ex jugador de Liga de Quito y del Internacional de Porto Alegre (Brasil), fue presentado el d\u00eda 21 como la nueva contrataci\u00f3n del club Barcelona, el m\u00e1s popular de la ciudad costera de Guayaquil, inform\u00f3 el lunes la dirigencia de la instituci\u00f3n. El volante [&hellip;]<\/p>\n","protected":false},"author":3394,"featured_media":0,"comment_status":"open","ping_status":"open","sticky":false,"template":"","format":"standard","meta":{"footnotes":""},"categories":[378],"tags":[62,14580,14581],"class_list":["post-167","post","type-post","status-publish","format-standard","hentry","category-deportes","tag-barcelona","tag-barcelona-contrata-al-chucho-bolanos","tag-inter-de-porto-alegre"],"_links":{"self":[{"href":"https:\/\/blog.espol.edu.ec\/arnaldoalfonzo\/wp-json\/wp\/v2\/posts\/167","targetHints":{"allow":["GET"]}}],"collection":[{"href":"https:\/\/blog.espol.edu.ec\/arnaldoalfonzo\/wp-json\/wp\/v2\/posts"}],"about":[{"href":"https:\/\/blog.espol.edu.ec\/arnaldoalfonzo\/wp-json\/wp\/v2\/types\/post"}],"author":[{"embeddable":true,"href":"https:\/\/blog.espol.edu.ec\/arnaldoalfonzo\/wp-json\/wp\/v2\/users\/3394"}],"replies":[{"embeddable":true,"href":"https:\/\/blog.espol.edu.ec\/arnaldoalfonzo\/wp-json\/wp\/v2\/comments?post=167"}],"version-history":[{"count":8,"href":"https:\/\/blog.espol.edu.ec\/arnaldoalfonzo\/wp-json\/wp\/v2\/posts\/167\/revisions"}],"predecessor-version":[{"id":176,"href":"https:\/\/blog.espol.edu.ec\/arnaldoalfonzo\/wp-json\/wp\/v2\/posts\/167\/revisions\/176"}],"wp:attachment":[{"href":"https:\/\/blog.espol.edu.ec\/arnaldoalfonzo\/wp-json\/wp\/v2\/media?parent=167"}],"wp:term":[{"taxonomy":"category","embeddable":true,"href":"https:\/\/blog.espol.edu.ec\/arnaldoalfonzo\/wp-json\/wp\/v2\/categories?post=167"},{"taxonomy":"post_tag","embeddable":true,"href":"https:\/\/blog.espol.edu.ec\/arnaldoalfonzo\/wp-json\/wp\/v2\/tags?post=167"}],"curies":[{"name":"wp","href":"https:\/\/api.w.org\/{rel}","templated":true}]}}