{"id":210,"date":"2009-12-29T10:00:17","date_gmt":"2009-12-29T15:00:17","guid":{"rendered":"http:\/\/blog.espol.edu.ec\/arnaldoalfonzo\/?p=210"},"modified":"2009-12-29T10:00:18","modified_gmt":"2009-12-29T15:00:18","slug":"210","status":"publish","type":"post","link":"https:\/\/blog.espol.edu.ec\/arnaldoalfonzo\/2009\/12\/29\/210\/","title":{"rendered":""},"content":{"rendered":"<p style=\"text-align: center\"><strong>SAMPAOLI: \"ESTAMOS EVALUANDO A PALACIOS\"<\/strong><\/p>\n<p align=\"center\"><a rel=\"attachment wp-att-209\" href=\"http:\/\/blog.espol.edu.ec\/arnaldoalfonzo\/2009\/12\/29\/210\/palacios171\/\"><img loading=\"lazy\" decoding=\"async\" class=\"aligncenter size-full wp-image-209\" src=\"http:\/\/blog.espol.edu.ec\/arnaldoalfonzo\/files\/2009\/12\/palacios171.jpg\" alt=\"palacios171\" width=\"408\" height=\"306\" srcset=\"https:\/\/blog.espol.edu.ec\/arnaldoalfonzo\/files\/2009\/12\/palacios171.jpg 408w, https:\/\/blog.espol.edu.ec\/arnaldoalfonzo\/files\/2009\/12\/palacios171-300x225.jpg 300w\" sizes=\"auto, (max-width: 408px) 100vw, 408px\" \/><\/a><\/p>\n<p style=\"text-align: justify\">El director t\u00e9cnico de Emelec, el argentino Jorge Sampaoli, confirm\u00f3 el inter\u00e9s por el ex delantero de Barcelona, Pablo Palacios. \"A Palacios lo vimos, es un centrodelantero que tuvo una gran campa\u00f1a en el 2008, vimos muchos partidos, en el 2009 no tanto, est\u00e1 la posibilidad y la estamos evaluando, haber cual es el centrodelantero que m\u00e1s nos convenga\", indic\u00f3.<\/p>\n<p style=\"text-align: justify\">De su esquema de juego dijo que \"vamos a intentar implementar una filosof\u00eda netamente de ataque, nosotros somos muy ofensivos, as\u00ed han jugado los equipos donde estuve tanto en Chile como Per\u00fa, hay que buscar jugadores acordes a esas caracter\u00edsticas, que tengan la seguridad que deben jugar de esa manera y eso nos tomar\u00e1 un tiempo\".<\/p>\n<p style=\"text-align: justify\">\"Nuestro sistema es 3-3-1-3, 4-3-3, jugar con dos extremos, un enganche natural, un delantero, un solo volante de contenci\u00f3n, dos volantes por los costados, un sistema defensivo de adaptaci\u00f3n, nosotros no jugamos con l\u00ednea de tres sino de cuatro\", detall\u00f3.<\/p>\n<p>Sampaoli estuvo de acuerdo en mantener la base del plantel 2009, porque \"creemos que tenemos jugadores que han sacado resultados en la altura, m\u00e1s all\u00e1 que en alg\u00fan momento hayan sido superados, pero en el juego han tenido la valent\u00eda de sostener un resultado\".<\/p>\n<p>Sobre la salida de Jason Zambrano argument\u00f3 que \"aunque su posici\u00f3n era centrodelantero su estad\u00edstica de gol no era muy alta, necesitamos un jugador que tenga contundencia, m\u00e1s que todo porque en la altura no vamos a crear muchas situaciones y debemos aprovecharlas\".<\/p>\n","protected":false},"excerpt":{"rendered":"<p>SAMPAOLI: \"ESTAMOS EVALUANDO A PALACIOS\" El director t\u00e9cnico de Emelec, el argentino Jorge Sampaoli, confirm\u00f3 el inter\u00e9s por el ex delantero de Barcelona, Pablo Palacios. \"A Palacios lo vimos, es un centrodelantero que tuvo una gran campa\u00f1a en el 2008, vimos muchos partidos, en el 2009 no tanto, est\u00e1 la posibilidad y la estamos evaluando, [&hellip;]<\/p>\n","protected":false},"author":3394,"featured_media":0,"comment_status":"open","ping_status":"open","sticky":false,"template":"","format":"standard","meta":{"footnotes":""},"categories":[378],"tags":[7236,8777,60,4952,14701,9991,14700],"class_list":["post-210","post","type-post","status-publish","format-standard","hentry","category-deportes","tag-7236","tag-el","tag-emelec","tag-en","tag-jugaria","tag-pablo","tag-palacios"],"_links":{"self":[{"href":"https:\/\/blog.espol.edu.ec\/arnaldoalfonzo\/wp-json\/wp\/v2\/posts\/210","targetHints":{"allow":["GET"]}}],"collection":[{"href":"https:\/\/blog.espol.edu.ec\/arnaldoalfonzo\/wp-json\/wp\/v2\/posts"}],"about":[{"href":"https:\/\/blog.espol.edu.ec\/arnaldoalfonzo\/wp-json\/wp\/v2\/types\/post"}],"author":[{"embeddable":true,"href":"https:\/\/blog.espol.edu.ec\/arnaldoalfonzo\/wp-json\/wp\/v2\/users\/3394"}],"replies":[{"embeddable":true,"href":"https:\/\/blog.espol.edu.ec\/arnaldoalfonzo\/wp-json\/wp\/v2\/comments?post=210"}],"version-history":[{"count":10,"href":"https:\/\/blog.espol.edu.ec\/arnaldoalfonzo\/wp-json\/wp\/v2\/posts\/210\/revisions"}],"predecessor-version":[{"id":220,"href":"https:\/\/blog.espol.edu.ec\/arnaldoalfonzo\/wp-json\/wp\/v2\/posts\/210\/revisions\/220"}],"wp:attachment":[{"href":"https:\/\/blog.espol.edu.ec\/arnaldoalfonzo\/wp-json\/wp\/v2\/media?parent=210"}],"wp:term":[{"taxonomy":"category","embeddable":true,"href":"https:\/\/blog.espol.edu.ec\/arnaldoalfonzo\/wp-json\/wp\/v2\/categories?post=210"},{"taxonomy":"post_tag","embeddable":true,"href":"https:\/\/blog.espol.edu.ec\/arnaldoalfonzo\/wp-json\/wp\/v2\/tags?post=210"}],"curies":[{"name":"wp","href":"https:\/\/api.w.org\/{rel}","templated":true}]}}