{"id":233,"date":"2010-01-19T10:34:21","date_gmt":"2010-01-19T15:34:21","guid":{"rendered":"http:\/\/blog.espol.edu.ec\/arnaldoalfonzo\/?p=233"},"modified":"2010-01-22T11:45:01","modified_gmt":"2010-01-22T16:45:01","slug":"233","status":"publish","type":"post","link":"https:\/\/blog.espol.edu.ec\/arnaldoalfonzo\/2010\/01\/19\/233\/","title":{"rendered":""},"content":{"rendered":"<p><a class=\"txtTextoNoticia\"><\/a><\/p>\n<p style=\"text-align: center\"><span style=\"color: #000000\"><a class=\"txtTextoNoticia\"><strong>Barcelona y Emelec listos para la Copa del Pacifico<br \/>\n<\/strong><\/a><\/span><\/p>\n<p style=\"text-align: justify\"><span style=\"color: #000000\"><a class=\"txtTextoNoticia\">Los conjuntos de Barcelona y el colombiano Deportivo Independiente de Medell\u00edn definieron sus alineaciones para el encuentro inaugural de la Copa del Pac\u00edfico de este martes en el estadio Capwell.<\/a><\/span><\/p>\n<p style=\"text-align: justify\"><span style=\"color: #000000\"><a class=\"txtTextoNoticia\">Los toreros entrenaron en Calder\u00f3n (Quito), donde el director t\u00e9cnico Juan Manuel Llop realiz\u00f3 una pr\u00e1ctica de f\u00fatbol, en la que se pudo observar algunas variantes con relaci\u00f3n al plantel con el que super\u00f3 el s\u00e1bado al Millonarios de Colombia.<\/a><\/span><\/p>\n<p style=\"text-align: justify\"><span style=\"color: #000000\"><a class=\"txtTextoNoticia\">Barcelona jugar\u00e1 de la siguiente manera:<\/a><\/span><\/p>\n<p style=\"text-align: justify\"><span style=\"color: #000000\"><a class=\"txtTextoNoticia\">Daniel Viteri, en el arco; Omar De Jes\u00fas, Jos\u00e9 Luis Perlaza, Lucas Landa y Giovanni Nazareno, en la defensa; Dennis Qui\u00f1\u00f3nez, Henry Le\u00f3n, Galo V\u00e1squez y Luis Bola\u00f1os, en el medio campo; Pablo Palacios y Juan Anangon\u00f3, en la delantera.<\/a><\/span><\/p>\n<p style=\"text-align: justify\"><span style=\"color: #000000\"><a class=\"txtTextoNoticia\">Por su parte los colombianos, dirigidos t\u00e9cnicamente por Leonel \u00c1lvarez, entren\u00f3 la tarde de este lunes en el complejo de Fedenador, donde realiz\u00f3 una pr\u00e1ctica de f\u00fatbol y dej\u00f3 el equipo listo para el debut.<\/a><\/span><\/p>\n<p style=\"text-align: justify\"><span style=\"color: #000000\"><a class=\"txtTextoNoticia\">Deportivo Independiente de Medell\u00edn defini\u00f3 el 11 titular de la siguiente manera:<\/a><\/span><\/p>\n<p style=\"text-align: justify\"><span style=\"color: #000000\"><a class=\"txtTextoNoticia\">Aldo Bobadilla, en el arco; Ricardo Calle, Anselmo De Almeida, Leiton Jim\u00e9nez y Juan David Valencia, en la defensa; Juan Esteban Ortiz, John Javier Restrepo, Luis Carlos Arias y Tressor Moreno, en el mediocampo; Nelson Barahona y Felipe Pardo, en la delantera.<\/a><\/span><\/p>\n<p style=\"text-align: justify\"><span style=\"color: #000000\"><a class=\"txtTextoNoticia\">Por otro lado Emelec contar\u00e1 con lo mejor que tiene para el encuentro de este martes ante R\u00e1cing de Uruguay, en el partido de fondo de la primera fecha de la Copa del Pac\u00edfico, a jugarse en el estadio Capwell.<\/a><\/span><\/p>\n<p><span style=\"color: #000000\"><a class=\"txtTextoNoticia\">El director t\u00e9cnico argentino Jorge Sampaoli dispuso en su \u00faltimo entrenamiento de un equipo ofensivo, como ser\u00e1 su propuesta en la presente temporada, con tres zagueros centrales, dos carrileros, cuatro volantes y un s\u00f3lo delantero en punta.<\/a><\/span><\/p>\n<p><span style=\"color: #000000\"><a class=\"txtTextoNoticia\">El plantel con el que trabaj\u00f3 Sampaoli, es el siguiente:<\/a><\/span><\/p>\n<p style=\"text-align: justify\"><span style=\"color: #000000\"><a class=\"txtTextoNoticia\">Marcelo Elizaga, en el arco; Gabriel Achilier, Marcelo Fleitas y Mariano Mina, en la defensa; Pablo P\u00e9rez, Fernando Gim\u00e9nez, como volantes carrileros; Jos\u00e9 Luis Qui\u00f1\u00f3nez, David Quiroz, Santiago Biglieri, Joao Rojas, en el medio campo; Hern\u00e1n Peirone, en la delantera.<\/a><\/span><\/p>\n","protected":false},"excerpt":{"rendered":"<p>Barcelona y Emelec listos para la Copa del Pacifico Los conjuntos de Barcelona y el colombiano Deportivo Independiente de Medell\u00edn definieron sus alineaciones para el encuentro inaugural de la Copa del Pac\u00edfico de este martes en el estadio Capwell. Los toreros entrenaron en Calder\u00f3n (Quito), donde el director t\u00e9cnico Juan Manuel Llop realiz\u00f3 una pr\u00e1ctica [&hellip;]<\/p>\n","protected":false},"author":3394,"featured_media":0,"comment_status":"open","ping_status":"open","sticky":false,"template":"","format":"standard","meta":{"footnotes":""},"categories":[378],"tags":[62,15341,6763,11427,12228,15338,60,13730,15342,15340,15339,15343],"class_list":["post-233","post","type-post","status-publish","format-standard","hentry","category-deportes","tag-barcelona","tag-capwell","tag-colombia","tag-copa","tag-del","tag-dim","tag-emelec","tag-estadio","tag-llop","tag-pacifico","tag-racing","tag-sampaoli"],"_links":{"self":[{"href":"https:\/\/blog.espol.edu.ec\/arnaldoalfonzo\/wp-json\/wp\/v2\/posts\/233","targetHints":{"allow":["GET"]}}],"collection":[{"href":"https:\/\/blog.espol.edu.ec\/arnaldoalfonzo\/wp-json\/wp\/v2\/posts"}],"about":[{"href":"https:\/\/blog.espol.edu.ec\/arnaldoalfonzo\/wp-json\/wp\/v2\/types\/post"}],"author":[{"embeddable":true,"href":"https:\/\/blog.espol.edu.ec\/arnaldoalfonzo\/wp-json\/wp\/v2\/users\/3394"}],"replies":[{"embeddable":true,"href":"https:\/\/blog.espol.edu.ec\/arnaldoalfonzo\/wp-json\/wp\/v2\/comments?post=233"}],"version-history":[{"count":10,"href":"https:\/\/blog.espol.edu.ec\/arnaldoalfonzo\/wp-json\/wp\/v2\/posts\/233\/revisions"}],"predecessor-version":[{"id":263,"href":"https:\/\/blog.espol.edu.ec\/arnaldoalfonzo\/wp-json\/wp\/v2\/posts\/233\/revisions\/263"}],"wp:attachment":[{"href":"https:\/\/blog.espol.edu.ec\/arnaldoalfonzo\/wp-json\/wp\/v2\/media?parent=233"}],"wp:term":[{"taxonomy":"category","embeddable":true,"href":"https:\/\/blog.espol.edu.ec\/arnaldoalfonzo\/wp-json\/wp\/v2\/categories?post=233"},{"taxonomy":"post_tag","embeddable":true,"href":"https:\/\/blog.espol.edu.ec\/arnaldoalfonzo\/wp-json\/wp\/v2\/tags?post=233"}],"curies":[{"name":"wp","href":"https:\/\/api.w.org\/{rel}","templated":true}]}}