{"id":264,"date":"2010-01-22T12:11:33","date_gmt":"2010-01-22T17:11:33","guid":{"rendered":"http:\/\/blog.espol.edu.ec\/arnaldoalfonzo\/?p=264"},"modified":"2010-01-22T12:23:11","modified_gmt":"2010-01-22T17:23:11","slug":"264","status":"publish","type":"post","link":"https:\/\/blog.espol.edu.ec\/arnaldoalfonzo\/2010\/01\/22\/264\/","title":{"rendered":""},"content":{"rendered":"<p style=\"text-align: center\"><span style=\"color: #000000\"><strong>TERMINA LA COPA DEL PACIFICO<\/strong><\/span><\/p>\n<p style=\"text-align: center\"><span style=\"color: #000000\"><strong><a rel=\"attachment wp-att-266\" href=\"http:\/\/blog.espol.edu.ec\/arnaldoalfonzo\/2010\/01\/22\/264\/emelec4\/\"><img loading=\"lazy\" decoding=\"async\" class=\"aligncenter size-full wp-image-266\" src=\"http:\/\/blog.espol.edu.ec\/arnaldoalfonzo\/files\/2010\/01\/emelec4.jpg\" alt=\"emelec4\" width=\"373\" height=\"210\" srcset=\"https:\/\/blog.espol.edu.ec\/arnaldoalfonzo\/files\/2010\/01\/emelec4.jpg 373w, https:\/\/blog.espol.edu.ec\/arnaldoalfonzo\/files\/2010\/01\/emelec4-300x168.jpg 300w\" sizes=\"auto, (max-width: 373px) 100vw, 373px\" \/><\/a><\/strong><\/span><\/p>\n<p style=\"text-align: center\"><span style=\"color: #000000\"><strong><br \/>\n<\/strong><\/span><\/p>\n<p style=\"text-align: justify\"><span style=\"color: #000000\">El ecuatoriano Emelec se coron\u00f3 campe\u00f3n de la Copa del Pac\u00edfico al derrotar por 2-1 al colombiano Deportivo Independiente Medell\u00edn (DIM) en la final de ese cuadrangular internacional, que se disput\u00f3 en el puerto de Guayaquil.<\/span><\/p>\n<p style=\"text-align: justify\"><span style=\"color: #000000\">Entretanto, el uruguayo Racing perdi\u00f3 por 2-0 ante el ecuatoriano Barcelona en el partido por el tercer puesto. En la \u00faltima jornada del certamen, disputada el jueves por la noche en el estadio Capwell de Guayaquil, Emelec se impuso con goles de David Quiroz y Joao Rojas, mientras que Felipe Pardo descont\u00f3 para el elenco cafetero.<\/span><\/p>\n<p><span style=\"color: #000000\">El DIM fue monarca de la edici\u00f3n de 2009 al ganar por 2-0 al mismo Emelec.<\/span><\/p>\n<p><span style=\"color: #000000\">En el cotejo previo de la fecha, el plantel 'torero' del Barcelona se impuso por 2-0 sobre el Racing -con tantos del paraguayo Juan Samudio y Vinicio Angulo- para quedarse con la tercera posici\u00f3n. Ambos delanteros dieron puntillazos a centros del argentino Mat\u00edas Oyola.<\/span><\/p>\n<p><span style=\"color: #000000\">Emelec result\u00f3 finalista tras vencer por 4-2 al club uruguayo en la definici\u00f3n mediante tiros desde el punto penal luego de igualar 0-0 en el tiempo reglamentario.<\/span><\/p>\n<p><span style=\"color: #000000\">El DIM a su vez hab\u00eda superado por 4-2 al Barcelona tambi\u00e9n por penales tras igualar 2-2.<\/span><\/p>\n<p><span style=\"color: #000000\">Alineaciones de la \u00faltima jornada:<\/span><\/p>\n<p style=\"text-align: justify\"><span style=\"color: #000000\">Emelec: Marcelo Elizaga - Mariano Mina, Marcelo Fleitas, Gabriel Achilier - Pablo P\u00e9rez, Fernando Gim\u00e9nez (Carlos Qui\u00f1\u00f3nez), Pedro Qui\u00f1\u00f3nez (Jos\u00e9 Luis Qui\u00f1\u00f3nez), David Quiroz, Santiago Biglieri (Enner Valencia) - Joao Rojas (Silvano Estacio) y Jaime Ayov\u00ed (Hern\u00e1n Peirone). DT: Jorge Sampaoli.<\/span><\/p>\n<p style=\"text-align: justify\"><span style=\"color: #000000\">Independiente Medell\u00edn: Aldo Bobadilla - Anselmo de Almeida, Juan Valencia, Leiton Gim\u00e9nez, Lewis Ochoa - John Restrepo, Juan Ortiz (Juan L\u00f3pez), Luis Arias (Nelson Barahona), Tressor Moreno (Javier Calle) - C\u00e9sar Valoyes (C\u00e9sar Rivas) y Felipe Pardo. DT: Leonel Alvarez.<\/span><\/p>\n","protected":false},"excerpt":{"rendered":"<p>TERMINA LA COPA DEL PACIFICO El ecuatoriano Emelec se coron\u00f3 campe\u00f3n de la Copa del Pac\u00edfico al derrotar por 2-1 al colombiano Deportivo Independiente Medell\u00edn (DIM) en la final de ese cuadrangular internacional, que se disput\u00f3 en el puerto de Guayaquil. Entretanto, el uruguayo Racing perdi\u00f3 por 2-0 ante el ecuatoriano Barcelona en el partido [&hellip;]<\/p>\n","protected":false},"author":3394,"featured_media":0,"comment_status":"open","ping_status":"open","sticky":false,"template":"","format":"standard","meta":{"footnotes":""},"categories":[378],"tags":[62,15341,11427,12228,15338,60,15340,15438,15339,14419,15436,15437],"class_list":["post-264","post","type-post","status-publish","format-standard","hentry","category-deportes","tag-barcelona","tag-capwell","tag-copa","tag-del","tag-dim","tag-emelec","tag-pacifico","tag-quiroz","tag-racing","tag-rojas","tag-samudio","tag-vinicio"],"_links":{"self":[{"href":"https:\/\/blog.espol.edu.ec\/arnaldoalfonzo\/wp-json\/wp\/v2\/posts\/264","targetHints":{"allow":["GET"]}}],"collection":[{"href":"https:\/\/blog.espol.edu.ec\/arnaldoalfonzo\/wp-json\/wp\/v2\/posts"}],"about":[{"href":"https:\/\/blog.espol.edu.ec\/arnaldoalfonzo\/wp-json\/wp\/v2\/types\/post"}],"author":[{"embeddable":true,"href":"https:\/\/blog.espol.edu.ec\/arnaldoalfonzo\/wp-json\/wp\/v2\/users\/3394"}],"replies":[{"embeddable":true,"href":"https:\/\/blog.espol.edu.ec\/arnaldoalfonzo\/wp-json\/wp\/v2\/comments?post=264"}],"version-history":[{"count":6,"href":"https:\/\/blog.espol.edu.ec\/arnaldoalfonzo\/wp-json\/wp\/v2\/posts\/264\/revisions"}],"predecessor-version":[{"id":289,"href":"https:\/\/blog.espol.edu.ec\/arnaldoalfonzo\/wp-json\/wp\/v2\/posts\/264\/revisions\/289"}],"wp:attachment":[{"href":"https:\/\/blog.espol.edu.ec\/arnaldoalfonzo\/wp-json\/wp\/v2\/media?parent=264"}],"wp:term":[{"taxonomy":"category","embeddable":true,"href":"https:\/\/blog.espol.edu.ec\/arnaldoalfonzo\/wp-json\/wp\/v2\/categories?post=264"},{"taxonomy":"post_tag","embeddable":true,"href":"https:\/\/blog.espol.edu.ec\/arnaldoalfonzo\/wp-json\/wp\/v2\/tags?post=264"}],"curies":[{"name":"wp","href":"https:\/\/api.w.org\/{rel}","templated":true}]}}