{"id":291,"date":"2010-01-22T13:07:16","date_gmt":"2010-01-22T18:07:16","guid":{"rendered":"http:\/\/blog.espol.edu.ec\/arnaldoalfonzo\/?p=291"},"modified":"2010-01-22T13:07:16","modified_gmt":"2010-01-22T18:07:16","slug":"291","status":"publish","type":"post","link":"https:\/\/blog.espol.edu.ec\/arnaldoalfonzo\/2010\/01\/22\/291\/","title":{"rendered":""},"content":{"rendered":"<p class=\"MsoNormal\" style=\"text-align: center\" align=\"center\"><strong><span style=\"font-size: 12pt;font-family: &quot;Times New Roman&quot;,&quot;serif&amp;quot\"><span style=\"color: #000000\">CONCIERTO DE MAKANO EN SALINAS<\/span><\/span><\/strong><\/p>\n<p class=\"MsoNormal\" style=\"text-align: center\" align=\"center\">\n<p class=\"MsoNormal\" style=\"text-align: center\" align=\"center\"><strong><span style=\"font-size: 12pt;font-family: &quot;Times New Roman&quot;,&quot;serif&amp;quot\"><span style=\"color: #000000\"><a rel=\"attachment wp-att-290\" href=\"http:\/\/blog.espol.edu.ec\/arnaldoalfonzo\/2010\/01\/22\/291\/makano\/\"><img loading=\"lazy\" decoding=\"async\" class=\"aligncenter size-full wp-image-290\" src=\"http:\/\/blog.espol.edu.ec\/arnaldoalfonzo\/files\/2010\/01\/makano.jpg\" alt=\"makano\" width=\"329\" height=\"480\" srcset=\"https:\/\/blog.espol.edu.ec\/arnaldoalfonzo\/files\/2010\/01\/makano.jpg 329w, https:\/\/blog.espol.edu.ec\/arnaldoalfonzo\/files\/2010\/01\/makano-205x300.jpg 205w\" sizes=\"auto, (max-width: 329px) 100vw, 329px\" \/><\/a><br \/>\n<\/span><\/span><\/strong><\/p>\n<p class=\"MsoNormal\" style=\"text-align: center\" align=\"center\"><strong><span style=\"font-size: 12pt;font-family: &quot;Times New Roman&quot;,&quot;serif&amp;quot\"><span style=\"color: #000000\"><br \/>\n<\/span><\/span><\/strong><\/p>\n<p class=\"MsoNormal\" style=\"text-align: justify\"><span style=\"color: #000000\"><span style=\"font-size: 12pt;font-family: &quot;Times New Roman&quot;,&quot;serif&amp;quot&amp;quot\">Su verdadero nombre es Ernan Enrique Jimenez y desde ni\u00f1o supo que le apasionaba el mundo musical, pasaron varios a\u00f1os y segu\u00eda sintiendo la nesecidad de involucrarse con algo que corr\u00eda por sus venas pero que hasta el momento no hab\u00eda tenido la oportunidad de desarrollar. <\/span><\/span><\/p>\n<p class=\"MsoNormal\" style=\"margin-bottom: 0.0001pt;text-align: justify\"><span style=\"color: #000000\"><span style=\"font-size: 12pt;font-family: &quot;Times New Roman&quot;,&quot;serif&amp;quot&amp;quot\">Fue a sus 16 a\u00f1os cuando empez\u00f3 a escribir, descubriendo entonces que ten\u00eda la facilidad y el sue\u00f1o de convertirse en cantautor.<\/span><\/span><\/p>\n<p><span style=\"color: #000000\">Con canciones como \u201cPorque no la sacas de mi mente\u201d, \u201cTraici\u00f3n\u201d, \u201cAtr\u00e9vete\u201d, \u201cEl Ultimo Llamado\u201d, \u201cNo Debes Reclamarme\u201d entre otros.<\/span><\/p>\n<p><span style=\"color: #000000\">\u201cFuera de Mi Vida\u201d fue el socca que estuvo bajo la direcci\u00f3n musical de Dj Greg \u201cEl rey del Socca\u201d en donde el cantante por primera vez interpreto una canci\u00f3n con esta fusi\u00f3n musical y el segundo tema fue \u201cTe Amo\u201d un tema 100% rom\u00e1ntico que fue elaborado por el productor musical \u201cFaster\u201d.<\/span><\/p>\n<p><span style=\"color: #000000\">Ambos temas han tenido gran aceptaci\u00f3n en los oyentes y han sido el motor para seguir haciendo buena m\u00fasica, la aceptaci\u00f3n fue tal que el cantante ha estrenado canciones como r\u00e1faga, temas como \u201dHambriento de Ti\u201d y \u201cL\u00e1rgate\u201d fueron un abrebocas a los carnavales de su pa\u00eds natal Panam\u00e1, en donde el interprete puedo ofrecer un sin fin de conciertos en las diferentes provincias del pa\u00eds.<\/span><\/p>\n<p class=\"MsoNormal\" style=\"text-align: justify\"><span style=\"color: #000000\"><span style=\"font-size: 12pt;font-family: &quot;Times New Roman&quot;,&quot;serif&amp;quot&amp;quot\">Makano no solamente empez\u00f3 a consagrar su nombre en su pa\u00eds natal Panam\u00e1, sino que la magia de sus canciones empezaba a conquistar diferentes pa\u00edses como Guatemala, Costa Rica, Ecuador, entre otros.<\/span><\/span><\/p>\n<p class=\"MsoNormal\">\n","protected":false},"excerpt":{"rendered":"<p>CONCIERTO DE MAKANO EN SALINAS Su verdadero nombre es Ernan Enrique Jimenez y desde ni\u00f1o supo que le apasionaba el mundo musical, pasaron varios a\u00f1os y segu\u00eda sintiendo la nesecidad de involucrarse con algo que corr\u00eda por sus venas pero que hasta el momento no hab\u00eda tenido la oportunidad de desarrollar. Fue a sus 16 [&hellip;]<\/p>\n","protected":false},"author":3394,"featured_media":0,"comment_status":"open","ping_status":"open","sticky":false,"template":"","format":"standard","meta":{"footnotes":""},"categories":[457],"tags":[15448,15449,15447,15450,7135],"class_list":["post-291","post","type-post","status-publish","format-standard","hentry","category-conciertos","tag-carnavla","tag-jking","tag-makano","tag-maximan","tag-salinas"],"_links":{"self":[{"href":"https:\/\/blog.espol.edu.ec\/arnaldoalfonzo\/wp-json\/wp\/v2\/posts\/291","targetHints":{"allow":["GET"]}}],"collection":[{"href":"https:\/\/blog.espol.edu.ec\/arnaldoalfonzo\/wp-json\/wp\/v2\/posts"}],"about":[{"href":"https:\/\/blog.espol.edu.ec\/arnaldoalfonzo\/wp-json\/wp\/v2\/types\/post"}],"author":[{"embeddable":true,"href":"https:\/\/blog.espol.edu.ec\/arnaldoalfonzo\/wp-json\/wp\/v2\/users\/3394"}],"replies":[{"embeddable":true,"href":"https:\/\/blog.espol.edu.ec\/arnaldoalfonzo\/wp-json\/wp\/v2\/comments?post=291"}],"version-history":[{"count":7,"href":"https:\/\/blog.espol.edu.ec\/arnaldoalfonzo\/wp-json\/wp\/v2\/posts\/291\/revisions"}],"predecessor-version":[{"id":298,"href":"https:\/\/blog.espol.edu.ec\/arnaldoalfonzo\/wp-json\/wp\/v2\/posts\/291\/revisions\/298"}],"wp:attachment":[{"href":"https:\/\/blog.espol.edu.ec\/arnaldoalfonzo\/wp-json\/wp\/v2\/media?parent=291"}],"wp:term":[{"taxonomy":"category","embeddable":true,"href":"https:\/\/blog.espol.edu.ec\/arnaldoalfonzo\/wp-json\/wp\/v2\/categories?post=291"},{"taxonomy":"post_tag","embeddable":true,"href":"https:\/\/blog.espol.edu.ec\/arnaldoalfonzo\/wp-json\/wp\/v2\/tags?post=291"}],"curies":[{"name":"wp","href":"https:\/\/api.w.org\/{rel}","templated":true}]}}